{"id":3292,"date":"2020-03-18T23:43:41","date_gmt":"2020-03-18T22:43:41","guid":{"rendered":"https:\/\/agora.xtec.cat\/iescalgravat\/?p=3292"},"modified":"2020-05-02T17:25:43","modified_gmt":"2020-05-02T15:25:43","slug":"jornada-de-portes-obertes-i-preinscripcio","status":"publish","type":"post","link":"https:\/\/agora.xtec.cat\/iescalgravat\/general\/jornada-de-portes-obertes-i-preinscripcio\/","title":{"rendered":"MODIFICACIONS A LA JORNADA DE PORTES OBERTES I PREINSCRIPCI\u00d3"},"content":{"rendered":"<div>\n<p>Us informem que donat el tancament de centres educatius el passat 13 de mar\u00e7 per l\u2019estat d\u2019excepcionalitat degut al Coronavirus, ens veiem obligats a<strong> anul\u00b7lar les Portes Obertes de la ESO<\/strong>.<\/p>\n<p>Us facilitem el material que ten\u00edem previst explicar-vos en aquesta jornada i agra\u00efm molt\u00edssim el vostre inter\u00e8s.<\/p>\n<ul>\n<li><strong><a href=\"https:\/\/agora.xtec.cat\/iescalgravat\/wp-content\/uploads\/usu63\/2020\/03\/PO_ESO_20202_compressed.pdf\" target=\"_blank\" rel=\"noopener noreferrer\">TR\u00cdPTIC INFORMACI\u00d3 GENERAL<\/a><\/strong><\/li>\n<li><strong><a href=\"https:\/\/youtu.be\/smxd5fsZIFA\" target=\"_blank\" rel=\"noopener noreferrer\">V\u00cdDEO PRESENTACI\u00d3 DEL CENTRE I ACTIVITATS<\/a><\/strong><\/li>\n<\/ul>\n<p><strong>El per\u00edode de preinscripci\u00f3 a l&#8217;ESO queda ajornat.<\/strong><\/p>\n<p><strong>La Jornada de Portes Obertes de Batxillerat \u00e9s mant\u00e9 a la mateixa data.<\/strong><\/p>\n<div>Per qualsevol consulta per mail a:\u00a0<a href=\"mailto:iescalgravat@xtec.cat\" target=\"_blank\" rel=\"noopener noreferrer\">iescalgravat@xtec.cat<\/a><\/div>\n<div><\/div>\n<div><\/div>\n<\/div>\n<div><\/div>\n","protected":false},"excerpt":{"rendered":"<p>Us informem que donat el tancament de centres educatius el passat 13 de mar\u00e7 per l\u2019estat d\u2019excepcionalitat degut al Coronavirus, ens veiem obligats a anul\u00b7lar les Portes Obertes de la ESO.<br \/>\nUs facilitem el material que ten\u00edem previst explicar-vos en aquesta jornada i agra\u00efm molt\u00edssim el&hellip;  <a href=\"https:\/\/agora.xtec.cat\/iescalgravat\/general\/jornada-de-portes-obertes-i-preinscripcio\/\" title=\"Read MODIFICACIONS A LA JORNADA DE PORTES OBERTES I PREINSCRIPCI\u00d3\">Llegeix m\u00e9s\u00bb<\/a><\/p>\n","protected":false},"author":1,"featured_media":0,"comment_status":"open","ping_status":"closed","sticky":true,"template":"","format":"standard","meta":{"_bbp_topic_count":0,"_bbp_reply_count":0,"_bbp_total_topic_count":0,"_bbp_total_reply_count":0,"_bbp_voice_count":0,"_bbp_anonymous_reply_count":0,"_bbp_topic_count_hidden":0,"_bbp_reply_count_hidden":0,"_bbp_forum_subforum_count":0,"footnotes":""},"categories":[1],"tags":[],"class_list":["post-3292","post","type-post","status-publish","format-standard","hentry","category-general"],"post_mailing_queue_ids":[],"_links":{"self":[{"href":"https:\/\/agora.xtec.cat\/iescalgravat\/wp-json\/wp\/v2\/posts\/3292","targetHints":{"allow":["GET"]}}],"collection":[{"href":"https:\/\/agora.xtec.cat\/iescalgravat\/wp-json\/wp\/v2\/posts"}],"about":[{"href":"https:\/\/agora.xtec.cat\/iescalgravat\/wp-json\/wp\/v2\/types\/post"}],"author":[{"embeddable":true,"href":"https:\/\/agora.xtec.cat\/iescalgravat\/wp-json\/wp\/v2\/users\/1"}],"replies":[{"embeddable":true,"href":"https:\/\/agora.xtec.cat\/iescalgravat\/wp-json\/wp\/v2\/comments?post=3292"}],"version-history":[{"count":3,"href":"https:\/\/agora.xtec.cat\/iescalgravat\/wp-json\/wp\/v2\/posts\/3292\/revisions"}],"predecessor-version":[{"id":3297,"href":"https:\/\/agora.xtec.cat\/iescalgravat\/wp-json\/wp\/v2\/posts\/3292\/revisions\/3297"}],"wp:attachment":[{"href":"https:\/\/agora.xtec.cat\/iescalgravat\/wp-json\/wp\/v2\/media?parent=3292"}],"wp:term":[{"taxonomy":"category","embeddable":true,"href":"https:\/\/agora.xtec.cat\/iescalgravat\/wp-json\/wp\/v2\/categories?post=3292"},{"taxonomy":"post_tag","embeddable":true,"href":"https:\/\/agora.xtec.cat\/iescalgravat\/wp-json\/wp\/v2\/tags?post=3292"}],"curies":[{"name":"wp","href":"https:\/\/api.w.org\/{rel}","templated":true}]}}