{"id":3288,"date":"2020-03-14T12:52:03","date_gmt":"2020-03-14T11:52:03","guid":{"rendered":"https:\/\/agora.xtec.cat\/iescalgravat\/?p=3288"},"modified":"2020-09-01T22:01:32","modified_gmt":"2020-09-01T20:01:32","slug":"tancament-del-centre-del-13-al-27-de-marc-pel-coronavirus","status":"publish","type":"post","link":"https:\/\/agora.xtec.cat\/iescalgravat\/general\/tancament-del-centre-del-13-al-27-de-marc-pel-coronavirus\/","title":{"rendered":"Tancament del centre del 13 al 27 de mar\u00e7 pel Coronavirus"},"content":{"rendered":"<p>El Departament d\u2019Educaci\u00f3, seguint instruccions del Departament de Salut i com a mesura excepcional per contenir el Coronavirus, <strong>ha pres la decisi\u00f3 de tancar a partir del dia 13 de mar\u00e7 i fins al proper dia 27 mar\u00e7, ambd\u00f3s inclosos<\/strong>,\u00a0<strong>tots els centres educatius del pa\u00eds.<\/strong><\/p>\n<p>Per aquest motiu, l&#8217;Institut Cal Gravat romandr\u00e0 tancat fins a nova ordre.<\/p>\n<p>Seguirem prestant\u00a0\u00a0atenci\u00f3 a les instruccions del Departament de Salut i a l\u2019evoluci\u00f3 de la situaci\u00f3.<\/p>\n<p><strong>Us recomanem que estigueu pendents del correu electr\u00f2nic i de la web del centre.<\/strong><\/p>\n<p>Tamb\u00e9 us recordem que cal que seguiu les indicacions, recomanacions i protocols que estableix el Departament de Salut pel que fa a la prevenci\u00f3 del virus i que podeu consultar a\u00a0<strong><a href=\"http:\/\/canalsalut.gencat.cat\/coronavirus\" target=\"_blank\" rel=\"noopener noreferrer\" data-saferedirecturl=\"https:\/\/www.google.com\/url?q=http:\/\/canalsalut.gencat.cat\/coronavirus&amp;source=gmail&amp;ust=1584272905296000&amp;usg=AFQjCNGbTi0PHCo5Pv96XUYyOa4KoeNUBA\">http:\/\/canalsalut.gencat.<wbr \/>cat\/coronavirus<\/a><\/strong><\/p>\n<p>&nbsp;<\/p>\n<p>Us agra\u00efm la vostra comprensi\u00f3 i col\u00b7laboraci\u00f3.<\/p>\n<p>Equip Directiu<\/p>\n<table>\n<tbody>\n<tr>\n<td style=\"border-color: #eb0e0e;\"><a href=\"https:\/\/agora.xtec.cat\/iescalgravat\/wp-content\/uploads\/usu63\/2020\/03\/tancat-JPG.jpg\"><img loading=\"lazy\" decoding=\"async\" class=\"aligncenter wp-image-3289\" src=\"https:\/\/agora.xtec.cat\/iescalgravat\/wp-content\/uploads\/usu63\/2020\/03\/tancat-JPG.jpg\" alt=\"\" width=\"365\" height=\"273\" srcset=\"https:\/\/agora.xtec.cat\/iescalgravat\/wp-content\/uploads\/usu63\/2020\/03\/tancat-JPG.jpg 550w, https:\/\/agora.xtec.cat\/iescalgravat\/wp-content\/uploads\/usu63\/2020\/03\/tancat-JPG-300x224.jpg 300w, https:\/\/agora.xtec.cat\/iescalgravat\/wp-content\/uploads\/usu63\/2020\/03\/tancat-JPG-200x150.jpg 200w\" sizes=\"auto, (max-width: 365px) 100vw, 365px\" \/><\/a><\/td>\n<\/tr>\n<\/tbody>\n<\/table>\n","protected":false},"excerpt":{"rendered":"<p>El Departament d\u2019Educaci\u00f3, seguint instruccions del Departament de Salut i com a mesura excepcional per contenir el Coronavirus, ha pres la decisi\u00f3 de tancar a partir del dia 13 de mar\u00e7 i fins al proper dia 27 mar\u00e7, ambd\u00f3s inclosos,\u00a0tots els centres educatius del pa\u00eds.<br \/>\nPer&hellip;  <a href=\"https:\/\/agora.xtec.cat\/iescalgravat\/general\/tancament-del-centre-del-13-al-27-de-marc-pel-coronavirus\/\" title=\"Read Tancament del centre del 13 al 27 de mar\u00e7 pel Coronavirus\">Llegeix m\u00e9s\u00bb<\/a><\/p>\n","protected":false},"author":1,"featured_media":0,"comment_status":"open","ping_status":"closed","sticky":false,"template":"","format":"standard","meta":{"_bbp_topic_count":0,"_bbp_reply_count":0,"_bbp_total_topic_count":0,"_bbp_total_reply_count":0,"_bbp_voice_count":0,"_bbp_anonymous_reply_count":0,"_bbp_topic_count_hidden":0,"_bbp_reply_count_hidden":0,"_bbp_forum_subforum_count":0,"footnotes":""},"categories":[1],"tags":[],"class_list":["post-3288","post","type-post","status-publish","format-standard","hentry","category-general"],"post_mailing_queue_ids":[],"_links":{"self":[{"href":"https:\/\/agora.xtec.cat\/iescalgravat\/wp-json\/wp\/v2\/posts\/3288","targetHints":{"allow":["GET"]}}],"collection":[{"href":"https:\/\/agora.xtec.cat\/iescalgravat\/wp-json\/wp\/v2\/posts"}],"about":[{"href":"https:\/\/agora.xtec.cat\/iescalgravat\/wp-json\/wp\/v2\/types\/post"}],"author":[{"embeddable":true,"href":"https:\/\/agora.xtec.cat\/iescalgravat\/wp-json\/wp\/v2\/users\/1"}],"replies":[{"embeddable":true,"href":"https:\/\/agora.xtec.cat\/iescalgravat\/wp-json\/wp\/v2\/comments?post=3288"}],"version-history":[{"count":2,"href":"https:\/\/agora.xtec.cat\/iescalgravat\/wp-json\/wp\/v2\/posts\/3288\/revisions"}],"predecessor-version":[{"id":3291,"href":"https:\/\/agora.xtec.cat\/iescalgravat\/wp-json\/wp\/v2\/posts\/3288\/revisions\/3291"}],"wp:attachment":[{"href":"https:\/\/agora.xtec.cat\/iescalgravat\/wp-json\/wp\/v2\/media?parent=3288"}],"wp:term":[{"taxonomy":"category","embeddable":true,"href":"https:\/\/agora.xtec.cat\/iescalgravat\/wp-json\/wp\/v2\/categories?post=3288"},{"taxonomy":"post_tag","embeddable":true,"href":"https:\/\/agora.xtec.cat\/iescalgravat\/wp-json\/wp\/v2\/tags?post=3288"}],"curies":[{"name":"wp","href":"https:\/\/api.w.org\/{rel}","templated":true}]}}