{"id":3284,"date":"2020-03-12T18:47:03","date_gmt":"2020-03-12T17:47:03","guid":{"rendered":"https:\/\/agora.xtec.cat\/iescalgravat\/?p=3284"},"modified":"2020-03-14T12:47:52","modified_gmt":"2020-03-14T11:47:52","slug":"tancament-del-centre-per-lepidemia","status":"publish","type":"post","link":"https:\/\/agora.xtec.cat\/iescalgravat\/general\/tancament-del-centre-per-lepidemia\/","title":{"rendered":"TANCAMENT DEL CENTRE PER L&#8217;EPID\u00c8MIA"},"content":{"rendered":"<p><span style=\"color: #ff0000;\">El Departament d\u2019Educaci\u00f3, seguint instruccions del Departament de Salut i com a mesura excepcional per contenir el coronavirus, ha pres la decisi\u00f3 de <i><b>tancar a partir del dia 13 de mar\u00e7 i fins al proper dia 27 mar\u00e7<\/b><\/i>,\u00a0<i><b>ambd\u00f3s inclosos<\/b><\/i>, tots els centres educatius del pa\u00eds i, per tant, han quedat\u00a0<i><b>suspeses les classes en horari lectiu i les activitats extraescolars<\/b><\/i>.\u00a0<i><b>No ha de romandre personal de serveis m\u00ednims ni ning\u00fa de l\u2019equip directiu.<\/b><\/i><\/span><\/p>\n<p><a href=\"https:\/\/agora.xtec.cat\/iescalgravat\/wp-content\/uploads\/usu63\/2020\/03\/actualitat-553x553-mesures-prevencio-coronavirus-2.jpg_1595044798.jpg\"><img loading=\"lazy\" decoding=\"async\" class=\"aligncenter wp-image-3285\" src=\"https:\/\/agora.xtec.cat\/iescalgravat\/wp-content\/uploads\/usu63\/2020\/03\/actualitat-553x553-mesures-prevencio-coronavirus-2.jpg_1595044798.jpg\" alt=\"\" width=\"329\" height=\"329\" srcset=\"https:\/\/agora.xtec.cat\/iescalgravat\/wp-content\/uploads\/usu63\/2020\/03\/actualitat-553x553-mesures-prevencio-coronavirus-2.jpg_1595044798.jpg 538w, https:\/\/agora.xtec.cat\/iescalgravat\/wp-content\/uploads\/usu63\/2020\/03\/actualitat-553x553-mesures-prevencio-coronavirus-2.jpg_1595044798-150x150.jpg 150w, https:\/\/agora.xtec.cat\/iescalgravat\/wp-content\/uploads\/usu63\/2020\/03\/actualitat-553x553-mesures-prevencio-coronavirus-2.jpg_1595044798-300x300.jpg 300w\" sizes=\"auto, (max-width: 329px) 100vw, 329px\" \/><\/a><\/p>\n","protected":false},"excerpt":{"rendered":"<p>El Departament d\u2019Educaci\u00f3, seguint instruccions del Departament de Salut i com a mesura excepcional per contenir el coronavirus, ha pres la decisi\u00f3 de tancar a partir del dia 13 de mar\u00e7 i fins al proper dia 27 mar\u00e7,\u00a0ambd\u00f3s inclosos, tots els centres educatius del pa\u00eds&hellip;  <a href=\"https:\/\/agora.xtec.cat\/iescalgravat\/general\/tancament-del-centre-per-lepidemia\/\" title=\"Read TANCAMENT DEL CENTRE PER L&#8217;EPID\u00c8MIA\">Llegeix m\u00e9s\u00bb<\/a><\/p>\n","protected":false},"author":1,"featured_media":0,"comment_status":"open","ping_status":"closed","sticky":true,"template":"","format":"standard","meta":{"_bbp_topic_count":0,"_bbp_reply_count":0,"_bbp_total_topic_count":0,"_bbp_total_reply_count":0,"_bbp_voice_count":0,"_bbp_anonymous_reply_count":0,"_bbp_topic_count_hidden":0,"_bbp_reply_count_hidden":0,"_bbp_forum_subforum_count":0,"footnotes":""},"categories":[1],"tags":[],"class_list":["post-3284","post","type-post","status-publish","format-standard","hentry","category-general"],"post_mailing_queue_ids":[],"_links":{"self":[{"href":"https:\/\/agora.xtec.cat\/iescalgravat\/wp-json\/wp\/v2\/posts\/3284","targetHints":{"allow":["GET"]}}],"collection":[{"href":"https:\/\/agora.xtec.cat\/iescalgravat\/wp-json\/wp\/v2\/posts"}],"about":[{"href":"https:\/\/agora.xtec.cat\/iescalgravat\/wp-json\/wp\/v2\/types\/post"}],"author":[{"embeddable":true,"href":"https:\/\/agora.xtec.cat\/iescalgravat\/wp-json\/wp\/v2\/users\/1"}],"replies":[{"embeddable":true,"href":"https:\/\/agora.xtec.cat\/iescalgravat\/wp-json\/wp\/v2\/comments?post=3284"}],"version-history":[{"count":2,"href":"https:\/\/agora.xtec.cat\/iescalgravat\/wp-json\/wp\/v2\/posts\/3284\/revisions"}],"predecessor-version":[{"id":3287,"href":"https:\/\/agora.xtec.cat\/iescalgravat\/wp-json\/wp\/v2\/posts\/3284\/revisions\/3287"}],"wp:attachment":[{"href":"https:\/\/agora.xtec.cat\/iescalgravat\/wp-json\/wp\/v2\/media?parent=3284"}],"wp:term":[{"taxonomy":"category","embeddable":true,"href":"https:\/\/agora.xtec.cat\/iescalgravat\/wp-json\/wp\/v2\/categories?post=3284"},{"taxonomy":"post_tag","embeddable":true,"href":"https:\/\/agora.xtec.cat\/iescalgravat\/wp-json\/wp\/v2\/tags?post=3284"}],"curies":[{"name":"wp","href":"https:\/\/api.w.org\/{rel}","templated":true}]}}