{"id":3278,"date":"2020-03-11T12:44:24","date_gmt":"2020-03-11T11:44:24","guid":{"rendered":"https:\/\/agora.xtec.cat\/iescalgravat\/?p=3278"},"modified":"2020-09-01T22:02:18","modified_gmt":"2020-09-01T20:02:18","slug":"activitats-de-competencies-esportives-al-cube","status":"publish","type":"post","link":"https:\/\/agora.xtec.cat\/iescalgravat\/general\/activitats-de-competencies-esportives-al-cube\/","title":{"rendered":"ACTIVITATS DE COMPET\u00c8NCIES ESPORTIVES AL CUBE"},"content":{"rendered":"<div>Amb els alumnes de Compet\u00e8ncies Esportives, de 4t d&#8217;ESO, estem gaudint de sessions al <strong>gimn\u00e0s Cube<\/strong>, on hem pogut practicar i con\u00e8ixer diferents activitats per treballar la nostra condici\u00f3 f\u00edsica: fitness, boxing, ciclisme indoor i sessions amb treball interv\u00e0lic.<\/div>\n<div>Est\u00e0 sent una experi\u00e8ncia enriquidora per a tots i totes.<\/div>\n<div><\/div>\n<div>\n<table style=\"width: 456px; height: 111px;\">\n<tbody>\n<tr style=\"height: 129px;\">\n<td style=\"width: 119px; height: 111px; border-color: #000000; background-color: #e81c1c;\"><a href=\"https:\/\/agora.xtec.cat\/iescalgravat\/wp-content\/uploads\/usu63\/2020\/03\/IMG_20200310_091906_223.jpg\"><img loading=\"lazy\" decoding=\"async\" class=\"aligncenter wp-image-3280 size-thumbnail\" src=\"https:\/\/agora.xtec.cat\/iescalgravat\/wp-content\/uploads\/usu63\/2020\/03\/IMG_20200310_091906_223-150x150.jpg\" alt=\"\" width=\"150\" height=\"150\" \/><\/a><\/td>\n<td style=\"width: 168px; height: 111px; border-color: #000000; background-color: #e81c1c;\"><a href=\"https:\/\/agora.xtec.cat\/iescalgravat\/wp-content\/uploads\/usu63\/2020\/03\/IMG_20200310_081952_862.jpg\"><img loading=\"lazy\" decoding=\"async\" class=\"aligncenter wp-image-3279 size-thumbnail\" src=\"https:\/\/agora.xtec.cat\/iescalgravat\/wp-content\/uploads\/usu63\/2020\/03\/IMG_20200310_081952_862-150x150.jpg\" alt=\"\" width=\"150\" height=\"150\" \/><\/a><\/td>\n<td style=\"width: 159px; height: 111px; border-color: #000000; background-color: #e81c1c;\"><a href=\"https:\/\/agora.xtec.cat\/iescalgravat\/wp-content\/uploads\/usu63\/2020\/03\/IMG_20200310_082015_037_opt.jpg\"><img loading=\"lazy\" decoding=\"async\" class=\"aligncenter wp-image-3281 size-thumbnail\" src=\"https:\/\/agora.xtec.cat\/iescalgravat\/wp-content\/uploads\/usu63\/2020\/03\/IMG_20200310_082015_037_opt-150x150.jpg\" alt=\"\" width=\"150\" height=\"150\" \/><\/a><\/td>\n<\/tr>\n<\/tbody>\n<\/table>\n<\/div>\n","protected":false},"excerpt":{"rendered":"<p>Amb els alumnes de Compet\u00e8ncies Esportives, de 4t d&#8217;ESO, estem gaudint de sessions al gimn\u00e0s Cube, on hem pogut practicar i con\u00e8ixer diferents activitats per treballar la nostra condici\u00f3 f\u00edsica: fitness, boxing, ciclisme indoor i sessions amb treball interv\u00e0lic.<br \/>\nEst\u00e0 sent una experi\u00e8ncia enriquidora per a&hellip;  <a href=\"https:\/\/agora.xtec.cat\/iescalgravat\/general\/activitats-de-competencies-esportives-al-cube\/\" title=\"Read ACTIVITATS DE COMPET\u00c8NCIES ESPORTIVES AL CUBE\">Llegeix m\u00e9s\u00bb<\/a><\/p>\n","protected":false},"author":1,"featured_media":0,"comment_status":"open","ping_status":"closed","sticky":false,"template":"","format":"standard","meta":{"_bbp_topic_count":0,"_bbp_reply_count":0,"_bbp_total_topic_count":0,"_bbp_total_reply_count":0,"_bbp_voice_count":0,"_bbp_anonymous_reply_count":0,"_bbp_topic_count_hidden":0,"_bbp_reply_count_hidden":0,"_bbp_forum_subforum_count":0,"footnotes":""},"categories":[7,1],"tags":[],"class_list":["post-3278","post","type-post","status-publish","format-standard","hentry","category-eso-4","category-general"],"post_mailing_queue_ids":[],"_links":{"self":[{"href":"https:\/\/agora.xtec.cat\/iescalgravat\/wp-json\/wp\/v2\/posts\/3278","targetHints":{"allow":["GET"]}}],"collection":[{"href":"https:\/\/agora.xtec.cat\/iescalgravat\/wp-json\/wp\/v2\/posts"}],"about":[{"href":"https:\/\/agora.xtec.cat\/iescalgravat\/wp-json\/wp\/v2\/types\/post"}],"author":[{"embeddable":true,"href":"https:\/\/agora.xtec.cat\/iescalgravat\/wp-json\/wp\/v2\/users\/1"}],"replies":[{"embeddable":true,"href":"https:\/\/agora.xtec.cat\/iescalgravat\/wp-json\/wp\/v2\/comments?post=3278"}],"version-history":[{"count":2,"href":"https:\/\/agora.xtec.cat\/iescalgravat\/wp-json\/wp\/v2\/posts\/3278\/revisions"}],"predecessor-version":[{"id":3283,"href":"https:\/\/agora.xtec.cat\/iescalgravat\/wp-json\/wp\/v2\/posts\/3278\/revisions\/3283"}],"wp:attachment":[{"href":"https:\/\/agora.xtec.cat\/iescalgravat\/wp-json\/wp\/v2\/media?parent=3278"}],"wp:term":[{"taxonomy":"category","embeddable":true,"href":"https:\/\/agora.xtec.cat\/iescalgravat\/wp-json\/wp\/v2\/categories?post=3278"},{"taxonomy":"post_tag","embeddable":true,"href":"https:\/\/agora.xtec.cat\/iescalgravat\/wp-json\/wp\/v2\/tags?post=3278"}],"curies":[{"name":"wp","href":"https:\/\/api.w.org\/{rel}","templated":true}]}}