{"id":3236,"date":"2020-02-23T19:27:26","date_gmt":"2020-02-23T18:27:26","guid":{"rendered":"https:\/\/agora.xtec.cat\/iescalgravat\/?p=3236"},"modified":"2020-09-01T21:52:38","modified_gmt":"2020-09-01T19:52:38","slug":"alumnat-de-quart-participa-al-judici-de-la-llum","status":"publish","type":"post","link":"https:\/\/agora.xtec.cat\/iescalgravat\/general\/alumnat-de-quart-participa-al-judici-de-la-llum\/","title":{"rendered":"ALUMNAT DE QUART PARTICIPA AL JUDICI DE LA LLUM"},"content":{"rendered":"<div>El dimarts 18 de febrer vam participar en la <strong>3a edici\u00f3 del judici de la Llum<\/strong> a la Sala Els Carlins de Manresa, litigi fictici creat pel <strong>Col\u00b7legi d&#8217;Advocats de Manresa<\/strong> on es va debatre sobre els l\u00edmits de la igualtat, juntament amb tres centres m\u00e9s (Ave Maria i La Salle).<\/div>\n<div><\/div>\n<div>El grup d&#8217;alumnes de 4t ESO, fent d&#8217;advocats, van presentar els seus arguments i van interrogar els testimonis aportats per ells i per les parts contr\u00e0ries per intentar demostrar que, en el cas nostre, l&#8217;empresa tenia dret a buscar el perfil que consider\u00e9s que li resultava m\u00e9s \u00fatil per al c\u00e0rrec.<\/div>\n<div><\/div>\n<div>\n<table>\n<tbody>\n<tr>\n<td style=\"border-style: solid; border-color: #000000; background-color: #eb0e0e;\"><a href=\"https:\/\/agora.xtec.cat\/iescalgravat\/wp-content\/uploads\/usu63\/2020\/02\/mireiaarso20200218191657-2_g.jpg\"><img loading=\"lazy\" decoding=\"async\" class=\"aligncenter wp-image-3240 size-thumbnail\" src=\"https:\/\/agora.xtec.cat\/iescalgravat\/wp-content\/uploads\/usu63\/2020\/02\/mireiaarso20200218191657-2_g-150x150.jpg\" alt=\"\" width=\"150\" height=\"150\" \/><\/a><\/td>\n<td style=\"border-style: solid; border-color: #000000; background-color: #eb0e0e;\"><a href=\"https:\/\/agora.xtec.cat\/iescalgravat\/wp-content\/uploads\/usu63\/2020\/02\/mireiaarso20200218191721-3_g.jpg\"><img loading=\"lazy\" decoding=\"async\" class=\"aligncenter wp-image-3239 size-thumbnail\" src=\"https:\/\/agora.xtec.cat\/iescalgravat\/wp-content\/uploads\/usu63\/2020\/02\/mireiaarso20200218191721-3_g-150x150.jpg\" alt=\"\" width=\"150\" height=\"150\" \/><\/a><\/td>\n<td style=\"border-style: solid; border-color: #000000; background-color: #eb0e0e;\"><a href=\"https:\/\/agora.xtec.cat\/iescalgravat\/wp-content\/uploads\/usu63\/2020\/02\/mireiaarso20200218191928-7_g.jpg\"><img loading=\"lazy\" decoding=\"async\" class=\"aligncenter wp-image-3238 size-thumbnail\" src=\"https:\/\/agora.xtec.cat\/iescalgravat\/wp-content\/uploads\/usu63\/2020\/02\/mireiaarso20200218191928-7_g-150x150.jpg\" alt=\"\" width=\"150\" height=\"150\" \/><\/a><\/td>\n<td style=\"border-style: solid; border-color: #000000; background-color: #eb0e0e;\"><a href=\"https:\/\/agora.xtec.cat\/iescalgravat\/wp-content\/uploads\/usu63\/2020\/02\/mireiaarso20200218191804-5_g.jpg\"><img loading=\"lazy\" decoding=\"async\" class=\"aligncenter wp-image-3237 size-thumbnail\" src=\"https:\/\/agora.xtec.cat\/iescalgravat\/wp-content\/uploads\/usu63\/2020\/02\/mireiaarso20200218191804-5_g-150x150.jpg\" alt=\"\" width=\"150\" height=\"150\" \/><\/a><\/td>\n<\/tr>\n<\/tbody>\n<\/table>\n<\/div>\n","protected":false},"excerpt":{"rendered":"<p>El dimarts 18 de febrer vam participar en la 3a edici\u00f3 del judici de la Llum a la Sala Els Carlins de Manresa, litigi fictici creat pel Col\u00b7legi d&#8217;Advocats de Manresa on es va debatre sobre els l\u00edmits de la igualtat, juntament amb tres centres&hellip;  <a href=\"https:\/\/agora.xtec.cat\/iescalgravat\/general\/alumnat-de-quart-participa-al-judici-de-la-llum\/\" title=\"Read ALUMNAT DE QUART PARTICIPA AL JUDICI DE LA LLUM\">Llegeix m\u00e9s\u00bb<\/a><\/p>\n","protected":false},"author":1,"featured_media":0,"comment_status":"open","ping_status":"closed","sticky":false,"template":"","format":"standard","meta":{"_bbp_topic_count":0,"_bbp_reply_count":0,"_bbp_total_topic_count":0,"_bbp_total_reply_count":0,"_bbp_voice_count":0,"_bbp_anonymous_reply_count":0,"_bbp_topic_count_hidden":0,"_bbp_reply_count_hidden":0,"_bbp_forum_subforum_count":0,"footnotes":""},"categories":[7,1],"tags":[],"class_list":["post-3236","post","type-post","status-publish","format-standard","hentry","category-eso-4","category-general"],"post_mailing_queue_ids":[],"_links":{"self":[{"href":"https:\/\/agora.xtec.cat\/iescalgravat\/wp-json\/wp\/v2\/posts\/3236","targetHints":{"allow":["GET"]}}],"collection":[{"href":"https:\/\/agora.xtec.cat\/iescalgravat\/wp-json\/wp\/v2\/posts"}],"about":[{"href":"https:\/\/agora.xtec.cat\/iescalgravat\/wp-json\/wp\/v2\/types\/post"}],"author":[{"embeddable":true,"href":"https:\/\/agora.xtec.cat\/iescalgravat\/wp-json\/wp\/v2\/users\/1"}],"replies":[{"embeddable":true,"href":"https:\/\/agora.xtec.cat\/iescalgravat\/wp-json\/wp\/v2\/comments?post=3236"}],"version-history":[{"count":1,"href":"https:\/\/agora.xtec.cat\/iescalgravat\/wp-json\/wp\/v2\/posts\/3236\/revisions"}],"predecessor-version":[{"id":3241,"href":"https:\/\/agora.xtec.cat\/iescalgravat\/wp-json\/wp\/v2\/posts\/3236\/revisions\/3241"}],"wp:attachment":[{"href":"https:\/\/agora.xtec.cat\/iescalgravat\/wp-json\/wp\/v2\/media?parent=3236"}],"wp:term":[{"taxonomy":"category","embeddable":true,"href":"https:\/\/agora.xtec.cat\/iescalgravat\/wp-json\/wp\/v2\/categories?post=3236"},{"taxonomy":"post_tag","embeddable":true,"href":"https:\/\/agora.xtec.cat\/iescalgravat\/wp-json\/wp\/v2\/tags?post=3236"}],"curies":[{"name":"wp","href":"https:\/\/api.w.org\/{rel}","templated":true}]}}