{"id":3072,"date":"2019-11-15T20:32:08","date_gmt":"2019-11-15T19:32:08","guid":{"rendered":"https:\/\/agora.xtec.cat\/iescalgravat\/?p=3072"},"modified":"2020-09-01T22:07:02","modified_gmt":"2020-09-01T20:07:02","slug":"presentacio-a-la-upf-de-la-feina-realitzad","status":"publish","type":"post","link":"https:\/\/agora.xtec.cat\/iescalgravat\/general\/presentacio-a-la-upf-de-la-feina-realitzad\/","title":{"rendered":"PRESENTACI\u00d3 A LA UPF DEL PROJECTE &#8221; LA MEVA MANRESA&#8221;"},"content":{"rendered":"<div dir=\"auto\" lang=\"ca\">El passat 12 de novembre a la Universitat Pompeu Fabra, dins de la sessi\u00f3 del M\u00e0ster en formaci\u00f3 del professorat de Secund\u00e0ria coordinat per Daniel Cassany, el <strong>Ramon Barlam<\/strong> va presentar el treball realitzat amb el projecte de 1r d&#8217;ESO, <strong>&#8220;La meva Manresa&#8221;<\/strong> amb l&#8217;ajut de dues alumnes de 4t ESO la <strong>Baymari Castillo i la Sabrina Ruiz.<\/strong><\/div>\n<div dir=\"auto\" lang=\"ca\"><\/div>\n<div dir=\"auto\" lang=\"ca\"><a href=\"https:\/\/agora.xtec.cat\/iescalgravat\/wp-content\/uploads\/usu63\/2019\/11\/PHOTO-2019-11-15-11-07-38.jpg\"><img loading=\"lazy\" decoding=\"async\" class=\"aligncenter wp-image-3073\" src=\"https:\/\/agora.xtec.cat\/iescalgravat\/wp-content\/uploads\/usu63\/2019\/11\/PHOTO-2019-11-15-11-07-38.jpg\" alt=\"\" width=\"236\" height=\"176\" srcset=\"https:\/\/agora.xtec.cat\/iescalgravat\/wp-content\/uploads\/usu63\/2019\/11\/PHOTO-2019-11-15-11-07-38.jpg 2016w, https:\/\/agora.xtec.cat\/iescalgravat\/wp-content\/uploads\/usu63\/2019\/11\/PHOTO-2019-11-15-11-07-38-300x224.jpg 300w, https:\/\/agora.xtec.cat\/iescalgravat\/wp-content\/uploads\/usu63\/2019\/11\/PHOTO-2019-11-15-11-07-38-768x574.jpg 768w, https:\/\/agora.xtec.cat\/iescalgravat\/wp-content\/uploads\/usu63\/2019\/11\/PHOTO-2019-11-15-11-07-38-1024x766.jpg 1024w, https:\/\/agora.xtec.cat\/iescalgravat\/wp-content\/uploads\/usu63\/2019\/11\/PHOTO-2019-11-15-11-07-38-200x150.jpg 200w\" sizes=\"auto, (max-width: 236px) 100vw, 236px\" \/><\/a><\/div>\n<div dir=\"auto\" lang=\"ca\"><\/div>\n","protected":false},"excerpt":{"rendered":"<p>El passat 12 de novembre a la Universitat Pompeu Fabra, dins de la sessi\u00f3 del M\u00e0ster en formaci\u00f3 del professorat de Secund\u00e0ria coordinat per Daniel Cassany, el Ramon Barlam va presentar el treball realitzat amb el projecte de 1r d&#8217;ESO, &#8220;La meva Manresa&#8221; amb l&#8217;ajut&hellip;  <a href=\"https:\/\/agora.xtec.cat\/iescalgravat\/general\/presentacio-a-la-upf-de-la-feina-realitzad\/\" title=\"Read PRESENTACI\u00d3 A LA UPF DEL PROJECTE &#8221; LA MEVA MANRESA&#8221;\">Llegeix m\u00e9s\u00bb<\/a><\/p>\n","protected":false},"author":1,"featured_media":0,"comment_status":"open","ping_status":"closed","sticky":false,"template":"","format":"standard","meta":{"_bbp_topic_count":0,"_bbp_reply_count":0,"_bbp_total_topic_count":0,"_bbp_total_reply_count":0,"_bbp_voice_count":0,"_bbp_anonymous_reply_count":0,"_bbp_topic_count_hidden":0,"_bbp_reply_count_hidden":0,"_bbp_forum_subforum_count":0,"footnotes":""},"categories":[4,7,1],"tags":[],"class_list":["post-3072","post","type-post","status-publish","format-standard","hentry","category-eso-1","category-eso-4","category-general"],"post_mailing_queue_ids":[],"_links":{"self":[{"href":"https:\/\/agora.xtec.cat\/iescalgravat\/wp-json\/wp\/v2\/posts\/3072","targetHints":{"allow":["GET"]}}],"collection":[{"href":"https:\/\/agora.xtec.cat\/iescalgravat\/wp-json\/wp\/v2\/posts"}],"about":[{"href":"https:\/\/agora.xtec.cat\/iescalgravat\/wp-json\/wp\/v2\/types\/post"}],"author":[{"embeddable":true,"href":"https:\/\/agora.xtec.cat\/iescalgravat\/wp-json\/wp\/v2\/users\/1"}],"replies":[{"embeddable":true,"href":"https:\/\/agora.xtec.cat\/iescalgravat\/wp-json\/wp\/v2\/comments?post=3072"}],"version-history":[{"count":2,"href":"https:\/\/agora.xtec.cat\/iescalgravat\/wp-json\/wp\/v2\/posts\/3072\/revisions"}],"predecessor-version":[{"id":3075,"href":"https:\/\/agora.xtec.cat\/iescalgravat\/wp-json\/wp\/v2\/posts\/3072\/revisions\/3075"}],"wp:attachment":[{"href":"https:\/\/agora.xtec.cat\/iescalgravat\/wp-json\/wp\/v2\/media?parent=3072"}],"wp:term":[{"taxonomy":"category","embeddable":true,"href":"https:\/\/agora.xtec.cat\/iescalgravat\/wp-json\/wp\/v2\/categories?post=3072"},{"taxonomy":"post_tag","embeddable":true,"href":"https:\/\/agora.xtec.cat\/iescalgravat\/wp-json\/wp\/v2\/tags?post=3072"}],"curies":[{"name":"wp","href":"https:\/\/api.w.org\/{rel}","templated":true}]}}