{"id":2992,"date":"2019-10-14T21:37:49","date_gmt":"2019-10-14T19:37:49","guid":{"rendered":"https:\/\/agora.xtec.cat\/iescalgravat\/?p=2992"},"modified":"2022-03-06T18:52:40","modified_gmt":"2022-03-06T17:52:40","slug":"viatge-derasmus-plus-a-lituania","status":"publish","type":"post","link":"https:\/\/agora.xtec.cat\/iescalgravat\/general\/viatge-derasmus-plus-a-lituania\/","title":{"rendered":"VIATGE D&#8217;ERASMUS PLUS A LITU\u00c0NIA"},"content":{"rendered":"<p>El grup d&#8217;alumnes del Projecte Erasmus Plus es troba a<strong> Vilnius (Litu\u00e0nia)<\/strong>. El treball es realitzar\u00e0 del 13 al 18 d&#8217;octubre i de moment es troben molt ben acollits pels companys i fam\u00edlies i ja han visitat: l&#8217;institut, l&#8217;Ajuntament i la ciutat.<\/p>\n<table style=\"height: 10px; width: 335px;\">\n<tbody>\n<tr style=\"height: 246px;\">\n<td style=\"width: 108px; height: 10px; border-style: solid; border-color: #000000; background-color: #cee2f0;\"><a href=\"https:\/\/agora.xtec.cat\/iescalgravat\/wp-content\/uploads\/usu63\/2019\/10\/PHOTO-2019-10-14-20-29-53.jpg\"><img loading=\"lazy\" decoding=\"async\" class=\"aligncenter wp-image-2995\" src=\"https:\/\/agora.xtec.cat\/iescalgravat\/wp-content\/uploads\/usu63\/2019\/10\/PHOTO-2019-10-14-20-29-53.jpg\" alt=\"\" width=\"132\" height=\"99\" srcset=\"https:\/\/agora.xtec.cat\/iescalgravat\/wp-content\/uploads\/usu63\/2019\/10\/PHOTO-2019-10-14-20-29-53.jpg 1600w, https:\/\/agora.xtec.cat\/iescalgravat\/wp-content\/uploads\/usu63\/2019\/10\/PHOTO-2019-10-14-20-29-53-300x225.jpg 300w, https:\/\/agora.xtec.cat\/iescalgravat\/wp-content\/uploads\/usu63\/2019\/10\/PHOTO-2019-10-14-20-29-53-768x576.jpg 768w, https:\/\/agora.xtec.cat\/iescalgravat\/wp-content\/uploads\/usu63\/2019\/10\/PHOTO-2019-10-14-20-29-53-1024x768.jpg 1024w, https:\/\/agora.xtec.cat\/iescalgravat\/wp-content\/uploads\/usu63\/2019\/10\/PHOTO-2019-10-14-20-29-53-200x150.jpg 200w\" sizes=\"auto, (max-width: 132px) 100vw, 132px\" \/><\/a><\/td>\n<td style=\"width: 108px; height: 10px; border-style: solid; border-color: #000000; background-color: #cee2f0;\"><a href=\"https:\/\/agora.xtec.cat\/iescalgravat\/wp-content\/uploads\/usu63\/2019\/10\/PHOTO-2019-10-14-20-29-37.jpg\"><img loading=\"lazy\" decoding=\"async\" class=\"aligncenter wp-image-2994\" src=\"https:\/\/agora.xtec.cat\/iescalgravat\/wp-content\/uploads\/usu63\/2019\/10\/PHOTO-2019-10-14-20-29-37.jpg\" alt=\"\" width=\"74\" height=\"98\" srcset=\"https:\/\/agora.xtec.cat\/iescalgravat\/wp-content\/uploads\/usu63\/2019\/10\/PHOTO-2019-10-14-20-29-37.jpg 1200w, https:\/\/agora.xtec.cat\/iescalgravat\/wp-content\/uploads\/usu63\/2019\/10\/PHOTO-2019-10-14-20-29-37-225x300.jpg 225w, https:\/\/agora.xtec.cat\/iescalgravat\/wp-content\/uploads\/usu63\/2019\/10\/PHOTO-2019-10-14-20-29-37-768x1024.jpg 768w\" sizes=\"auto, (max-width: 74px) 100vw, 74px\" \/><\/a><\/td>\n<td style=\"width: 109px; height: 10px; border-style: solid; border-color: #000000; background-color: #cee2f0;\"><a href=\"https:\/\/agora.xtec.cat\/iescalgravat\/wp-content\/uploads\/usu63\/2019\/10\/PHOTO-2019-10-14-20-28-51.jpg\"><img loading=\"lazy\" decoding=\"async\" class=\"aligncenter wp-image-2993\" src=\"https:\/\/agora.xtec.cat\/iescalgravat\/wp-content\/uploads\/usu63\/2019\/10\/PHOTO-2019-10-14-20-28-51.jpg\" alt=\"\" width=\"90\" height=\"67\" srcset=\"https:\/\/agora.xtec.cat\/iescalgravat\/wp-content\/uploads\/usu63\/2019\/10\/PHOTO-2019-10-14-20-28-51.jpg 1600w, https:\/\/agora.xtec.cat\/iescalgravat\/wp-content\/uploads\/usu63\/2019\/10\/PHOTO-2019-10-14-20-28-51-300x225.jpg 300w, https:\/\/agora.xtec.cat\/iescalgravat\/wp-content\/uploads\/usu63\/2019\/10\/PHOTO-2019-10-14-20-28-51-768x576.jpg 768w, https:\/\/agora.xtec.cat\/iescalgravat\/wp-content\/uploads\/usu63\/2019\/10\/PHOTO-2019-10-14-20-28-51-1024x768.jpg 1024w, https:\/\/agora.xtec.cat\/iescalgravat\/wp-content\/uploads\/usu63\/2019\/10\/PHOTO-2019-10-14-20-28-51-200x150.jpg 200w\" sizes=\"auto, (max-width: 90px) 100vw, 90px\" \/><\/a><\/td>\n<\/tr>\n<\/tbody>\n<\/table>\n","protected":false},"excerpt":{"rendered":"<p>El grup d&#8217;alumnes del Projecte Erasmus Plus es troba a Vilnius (Litu\u00e0nia). El treball es realitzar\u00e0 del 13 al 18 d&#8217;octubre i de moment es troben molt ben acollits pels companys i fam\u00edlies i ja han visitat: l&#8217;institut, l&#8217;Ajuntament i la ciutat.<\/p>\n<p><a href=\"https:\/\/agora.xtec.cat\/iescalgravat\/wp-content\/uploads\/usu63\/2019\/10\/PHOTO-2019-10-14-20-29-53.jpg\"><\/a><br \/>\n<a href=\"https:\/\/agora.xtec.cat\/iescalgravat\/wp-content\/uploads\/usu63\/2019\/10\/PHOTO-2019-10-14-20-29-37.jpg\"><\/a><br \/>\n<a href=\"https:\/\/agora.xtec.cat\/iescalgravat\/wp-content\/uploads\/usu63\/2019\/10\/PHOTO-2019-10-14-20-28-51.jpg\"><\/a><\/p>\n","protected":false},"author":1,"featured_media":0,"comment_status":"open","ping_status":"closed","sticky":false,"template":"","format":"standard","meta":{"_bbp_topic_count":0,"_bbp_reply_count":0,"_bbp_total_topic_count":0,"_bbp_total_reply_count":0,"_bbp_voice_count":0,"_bbp_anonymous_reply_count":0,"_bbp_topic_count_hidden":0,"_bbp_reply_count_hidden":0,"_bbp_forum_subforum_count":0,"footnotes":""},"categories":[131,1],"tags":[],"class_list":["post-2992","post","type-post","status-publish","format-standard","hentry","category-erasmus","category-general"],"post_mailing_queue_ids":[],"_links":{"self":[{"href":"https:\/\/agora.xtec.cat\/iescalgravat\/wp-json\/wp\/v2\/posts\/2992","targetHints":{"allow":["GET"]}}],"collection":[{"href":"https:\/\/agora.xtec.cat\/iescalgravat\/wp-json\/wp\/v2\/posts"}],"about":[{"href":"https:\/\/agora.xtec.cat\/iescalgravat\/wp-json\/wp\/v2\/types\/post"}],"author":[{"embeddable":true,"href":"https:\/\/agora.xtec.cat\/iescalgravat\/wp-json\/wp\/v2\/users\/1"}],"replies":[{"embeddable":true,"href":"https:\/\/agora.xtec.cat\/iescalgravat\/wp-json\/wp\/v2\/comments?post=2992"}],"version-history":[{"count":3,"href":"https:\/\/agora.xtec.cat\/iescalgravat\/wp-json\/wp\/v2\/posts\/2992\/revisions"}],"predecessor-version":[{"id":3067,"href":"https:\/\/agora.xtec.cat\/iescalgravat\/wp-json\/wp\/v2\/posts\/2992\/revisions\/3067"}],"wp:attachment":[{"href":"https:\/\/agora.xtec.cat\/iescalgravat\/wp-json\/wp\/v2\/media?parent=2992"}],"wp:term":[{"taxonomy":"category","embeddable":true,"href":"https:\/\/agora.xtec.cat\/iescalgravat\/wp-json\/wp\/v2\/categories?post=2992"},{"taxonomy":"post_tag","embeddable":true,"href":"https:\/\/agora.xtec.cat\/iescalgravat\/wp-json\/wp\/v2\/tags?post=2992"}],"curies":[{"name":"wp","href":"https:\/\/api.w.org\/{rel}","templated":true}]}}