{"id":2956,"date":"2019-09-20T09:51:40","date_gmt":"2019-09-20T07:51:40","guid":{"rendered":"http:\/\/agora.xtec.cat\/iescalgravat\/?p=2956"},"modified":"2020-01-26T19:38:10","modified_gmt":"2020-01-26T18:38:10","slug":"visita-a-lexposicio-dartistes-manresans","status":"publish","type":"post","link":"https:\/\/agora.xtec.cat\/iescalgravat\/general\/visita-a-lexposicio-dartistes-manresans\/","title":{"rendered":"VISITA A L&#8217;EXPOSICI\u00d3 D&#8217;ARTISTES MANRESANS"},"content":{"rendered":"<p>L&#8217;alumnat de 4rt d&#8217;ESO de la mat\u00e8ria d&#8217;Hist\u00f2ria de l&#8217;Art, acompanyat per Sonia Fernandez i Ovidi Cobacho, van <span class=\"m_-7351435279897705954gmail-css-901oao m_-7351435279897705954gmail-css-16my406 m_-7351435279897705954gmail-r-1qd0xha m_-7351435279897705954gmail-r-ad9z0x m_-7351435279897705954gmail-r-bcqeeo m_-7351435279897705954gmail-r-qvutc0\">visitar el dilluns 16 de setembre la <strong>89\u00e8 Exposici\u00f3 Artistes Manresans<\/strong> al Centre Cultural del Casino organitzat pel<\/span><span class=\"m_-7351435279897705954gmail-r-18u37iz\"><a class=\"m_-7351435279897705954gmail-css-4rbku5 m_-7351435279897705954gmail-css-18t94o4 m_-7351435279897705954gmail-css-901oao m_-7351435279897705954gmail-css-16my406 m_-7351435279897705954gmail-r-1n1174f m_-7351435279897705954gmail-r-1loqt21 m_-7351435279897705954gmail-r-1qd0xha m_-7351435279897705954gmail-r-ad9z0x m_-7351435279897705954gmail-r-bcqeeo m_-7351435279897705954gmail-r-qvutc0\" dir=\"ltr\" href=\"https:\/\/twitter.com\/CercleArtisticM\" target=\"_blank\" rel=\"noopener noreferrer\" data-saferedirecturl=\"https:\/\/www.google.com\/url?q=https:\/\/twitter.com\/CercleArtisticM&amp;source=gmail&amp;ust=1569051615652000&amp;usg=AFQjCNH3faLYmWw_Y6GmzkiQGDPTy7jNPw\">\u00a0@CercleArtisticM<\/a><\/span><span class=\"m_-7351435279897705954gmail-css-901oao m_-7351435279897705954gmail-css-16my406 m_-7351435279897705954gmail-r-1qd0xha m_-7351435279897705954gmail-r-ad9z0x m_-7351435279897705954gmail-r-bcqeeo m_-7351435279897705954gmail-r-qvutc0\">. Tot i valorant les obres exposades<\/span>\u00a0i atorgar premis simb\u00f2lics entre els artistes de l&#8217;exposici\u00f3 d&#8217;Artistes Manresans.<\/p>\n<table style=\"height: 224px; width: 403px;\" width=\"299\">\n<tbody>\n<tr style=\"height: 269px;\">\n<td style=\"width: 216px; height: 269px;\"><a href=\"https:\/\/agora.xtec.cat\/iescalgravat\/wp-content\/uploads\/usu63\/2019\/09\/Alumnes-dHIst\u00f2ria-de-lArt-de-Cal-Gravat-al-Casino.jpg\"><img loading=\"lazy\" decoding=\"async\" class=\" wp-image-2957\" src=\"https:\/\/agora.xtec.cat\/iescalgravat\/wp-content\/uploads\/usu63\/2019\/09\/Alumnes-dHIst\u00f2ria-de-lArt-de-Cal-Gravat-al-Casino.jpg\" alt=\"\" width=\"176\" height=\"95\" srcset=\"https:\/\/agora.xtec.cat\/iescalgravat\/wp-content\/uploads\/usu63\/2019\/09\/Alumnes-dHIst\u00f2ria-de-lArt-de-Cal-Gravat-al-Casino.jpg 3849w, https:\/\/agora.xtec.cat\/iescalgravat\/wp-content\/uploads\/usu63\/2019\/09\/Alumnes-dHIst\u00f2ria-de-lArt-de-Cal-Gravat-al-Casino-300x162.jpg 300w, https:\/\/agora.xtec.cat\/iescalgravat\/wp-content\/uploads\/usu63\/2019\/09\/Alumnes-dHIst\u00f2ria-de-lArt-de-Cal-Gravat-al-Casino-768x415.jpg 768w, https:\/\/agora.xtec.cat\/iescalgravat\/wp-content\/uploads\/usu63\/2019\/09\/Alumnes-dHIst\u00f2ria-de-lArt-de-Cal-Gravat-al-Casino-1024x554.jpg 1024w\" sizes=\"auto, (max-width: 176px) 100vw, 176px\" \/><\/a><\/td>\n<td style=\"width: 179px; height: 269px;\"><a href=\"https:\/\/agora.xtec.cat\/iescalgravat\/wp-content\/uploads\/usu63\/2019\/09\/Alumnes-de-cal-Gravat-a-lExposici\u00f3-dArtistes-Manresans_opt.jpg\"><img loading=\"lazy\" decoding=\"async\" class=\" wp-image-2958\" src=\"https:\/\/agora.xtec.cat\/iescalgravat\/wp-content\/uploads\/usu63\/2019\/09\/Alumnes-de-cal-Gravat-a-lExposici\u00f3-dArtistes-Manresans_opt.jpg\" alt=\"\" width=\"130\" height=\"98\" srcset=\"https:\/\/agora.xtec.cat\/iescalgravat\/wp-content\/uploads\/usu63\/2019\/09\/Alumnes-de-cal-Gravat-a-lExposici\u00f3-dArtistes-Manresans_opt.jpg 400w, https:\/\/agora.xtec.cat\/iescalgravat\/wp-content\/uploads\/usu63\/2019\/09\/Alumnes-de-cal-Gravat-a-lExposici\u00f3-dArtistes-Manresans_opt-300x225.jpg 300w, https:\/\/agora.xtec.cat\/iescalgravat\/wp-content\/uploads\/usu63\/2019\/09\/Alumnes-de-cal-Gravat-a-lExposici\u00f3-dArtistes-Manresans_opt-200x150.jpg 200w\" sizes=\"auto, (max-width: 130px) 100vw, 130px\" \/><\/a><\/td>\n<\/tr>\n<\/tbody>\n<\/table>\n<p><a href=\"https:\/\/www.naciodigital.cat\/manresa\/noticia\/85817\/alumnes\/institut\/cal\/gravat\/premien\/artistes\/manresans\">https:\/\/www.naciodigital.cat\/manresa\/noticia\/85817\/alumnes\/institut\/cal\/gravat\/premien\/artistes\/manresans<\/a><\/p>\n","protected":false},"excerpt":{"rendered":"<p>L&#8217;alumnat de 4rt d&#8217;ESO de la mat\u00e8ria d&#8217;Hist\u00f2ria de l&#8217;Art, acompanyat per Sonia Fernandez i Ovidi Cobacho, van visitar el dilluns 16 de setembre la 89\u00e8 Exposici\u00f3 Artistes Manresans al Centre Cultural del Casino organitzat pel<a class=\"m_-7351435279897705954gmail-css-4rbku5 m_-7351435279897705954gmail-css-18t94o4 m_-7351435279897705954gmail-css-901oao m_-7351435279897705954gmail-css-16my406 m_-7351435279897705954gmail-r-1n1174f m_-7351435279897705954gmail-r-1loqt21 m_-7351435279897705954gmail-r-1qd0xha m_-7351435279897705954gmail-r-ad9z0x m_-7351435279897705954gmail-r-bcqeeo&hellip;  <a href=\"https:\/\/agora.xtec.cat\/iescalgravat\/general\/visita-a-lexposicio-dartistes-manresans\/\" title=\"Read VISITA A L&#8217;EXPOSICI\u00d3 D&#8217;ARTISTES MANRESANS\">Llegeix m\u00e9s\u00bb<\/a><\/p>\n","protected":false},"author":1,"featured_media":0,"comment_status":"open","ping_status":"closed","sticky":false,"template":"","format":"standard","meta":{"_bbp_topic_count":0,"_bbp_reply_count":0,"_bbp_total_topic_count":0,"_bbp_total_reply_count":0,"_bbp_voice_count":0,"_bbp_anonymous_reply_count":0,"_bbp_topic_count_hidden":0,"_bbp_reply_count_hidden":0,"_bbp_forum_subforum_count":0,"footnotes":""},"categories":[7,1],"tags":[],"class_list":["post-2956","post","type-post","status-publish","format-standard","hentry","category-eso-4","category-general"],"post_mailing_queue_ids":[],"_links":{"self":[{"href":"https:\/\/agora.xtec.cat\/iescalgravat\/wp-json\/wp\/v2\/posts\/2956","targetHints":{"allow":["GET"]}}],"collection":[{"href":"https:\/\/agora.xtec.cat\/iescalgravat\/wp-json\/wp\/v2\/posts"}],"about":[{"href":"https:\/\/agora.xtec.cat\/iescalgravat\/wp-json\/wp\/v2\/types\/post"}],"author":[{"embeddable":true,"href":"https:\/\/agora.xtec.cat\/iescalgravat\/wp-json\/wp\/v2\/users\/1"}],"replies":[{"embeddable":true,"href":"https:\/\/agora.xtec.cat\/iescalgravat\/wp-json\/wp\/v2\/comments?post=2956"}],"version-history":[{"count":3,"href":"https:\/\/agora.xtec.cat\/iescalgravat\/wp-json\/wp\/v2\/posts\/2956\/revisions"}],"predecessor-version":[{"id":2967,"href":"https:\/\/agora.xtec.cat\/iescalgravat\/wp-json\/wp\/v2\/posts\/2956\/revisions\/2967"}],"wp:attachment":[{"href":"https:\/\/agora.xtec.cat\/iescalgravat\/wp-json\/wp\/v2\/media?parent=2956"}],"wp:term":[{"taxonomy":"category","embeddable":true,"href":"https:\/\/agora.xtec.cat\/iescalgravat\/wp-json\/wp\/v2\/categories?post=2956"},{"taxonomy":"post_tag","embeddable":true,"href":"https:\/\/agora.xtec.cat\/iescalgravat\/wp-json\/wp\/v2\/tags?post=2956"}],"curies":[{"name":"wp","href":"https:\/\/api.w.org\/{rel}","templated":true}]}}