{"id":2912,"date":"2019-07-15T09:50:39","date_gmt":"2019-07-15T07:50:39","guid":{"rendered":"http:\/\/agora.xtec.cat\/iescalgravat\/?p=2912"},"modified":"2019-09-25T10:02:20","modified_gmt":"2019-09-25T08:02:20","slug":"xerrada-inaugural-curs-2019-20","status":"publish","type":"post","link":"https:\/\/agora.xtec.cat\/iescalgravat\/general\/xerrada-inaugural-curs-2019-20\/","title":{"rendered":"XERRADA INAUGURAL CURS 2019-20"},"content":{"rendered":"<p style=\"text-align: justify;\"><b>El dimarts 24 de setembre a les 7:30 del vespre <\/b>tindr\u00e0 lloc la<b> Xerrada Inaugural de Curs <\/b>que aquest any anir\u00e0 a c\u00e0rrec de <strong>L\u00eddia Costa<\/strong><b>, psic\u00f2loga.<\/b> La xerrada tractar\u00e0 sobre<b> &#8220;Comen\u00e7a el curs en actitud positiva&#8221;.<\/b><\/p>\n<p>Ha estat coautora de &#8220;El Gran Salt&#8221; i formadora del centre &#8220;Tu pots Psicologia&#8221;<a href=\"https:\/\/agora.xtec.cat\/iescalgravat\/wp-content\/uploads\/usu63\/2019\/07\/lidia_costa.jpg\"><img loading=\"lazy\" decoding=\"async\" class=\"wp-image-2913 alignleft\" src=\"https:\/\/agora.xtec.cat\/iescalgravat\/wp-content\/uploads\/usu63\/2019\/07\/lidia_costa.jpg\" alt=\"\" width=\"163\" height=\"163\" srcset=\"https:\/\/agora.xtec.cat\/iescalgravat\/wp-content\/uploads\/usu63\/2019\/07\/lidia_costa.jpg 240w, https:\/\/agora.xtec.cat\/iescalgravat\/wp-content\/uploads\/usu63\/2019\/07\/lidia_costa-150x150.jpg 150w\" sizes=\"auto, (max-width: 163px) 100vw, 163px\" \/><\/a><\/p>\n<div class=\"details\">\n<p class=\"title\"><em><strong>Esperem poder gaudir de la xerrada en companyia de tota la comunitat educativa (alumnat, professorat i fam\u00edlies).<\/strong><\/em><\/p>\n<\/div>\n","protected":false},"excerpt":{"rendered":"<p>El dimarts 24 de setembre a les 7:30 del vespre tindr\u00e0 lloc la Xerrada Inaugural de Curs que aquest any anir\u00e0 a c\u00e0rrec de L\u00eddia Costa, psic\u00f2loga. La xerrada tractar\u00e0 sobre &#8220;Comen\u00e7a el curs en actitud positiva&#8221;.<br \/>\nHa estat coautora de &#8220;El Gran Salt&#8221; i formadora&hellip;  <a href=\"https:\/\/agora.xtec.cat\/iescalgravat\/general\/xerrada-inaugural-curs-2019-20\/\" title=\"Read XERRADA INAUGURAL CURS 2019-20\">Llegeix m\u00e9s\u00bb<\/a><\/p>\n","protected":false},"author":1,"featured_media":2913,"comment_status":"open","ping_status":"closed","sticky":false,"template":"","format":"standard","meta":{"_bbp_topic_count":0,"_bbp_reply_count":0,"_bbp_total_topic_count":0,"_bbp_total_reply_count":0,"_bbp_voice_count":0,"_bbp_anonymous_reply_count":0,"_bbp_topic_count_hidden":0,"_bbp_reply_count_hidden":0,"_bbp_forum_subforum_count":0,"footnotes":""},"categories":[31,8,3,1],"tags":[],"class_list":["post-2912","post","type-post","status-publish","format-standard","has-post-thumbnail","hentry","category-ampa","category-batxillerat","category-eso","category-general"],"post_mailing_queue_ids":[],"_links":{"self":[{"href":"https:\/\/agora.xtec.cat\/iescalgravat\/wp-json\/wp\/v2\/posts\/2912","targetHints":{"allow":["GET"]}}],"collection":[{"href":"https:\/\/agora.xtec.cat\/iescalgravat\/wp-json\/wp\/v2\/posts"}],"about":[{"href":"https:\/\/agora.xtec.cat\/iescalgravat\/wp-json\/wp\/v2\/types\/post"}],"author":[{"embeddable":true,"href":"https:\/\/agora.xtec.cat\/iescalgravat\/wp-json\/wp\/v2\/users\/1"}],"replies":[{"embeddable":true,"href":"https:\/\/agora.xtec.cat\/iescalgravat\/wp-json\/wp\/v2\/comments?post=2912"}],"version-history":[{"count":3,"href":"https:\/\/agora.xtec.cat\/iescalgravat\/wp-json\/wp\/v2\/posts\/2912\/revisions"}],"predecessor-version":[{"id":2921,"href":"https:\/\/agora.xtec.cat\/iescalgravat\/wp-json\/wp\/v2\/posts\/2912\/revisions\/2921"}],"wp:featuredmedia":[{"embeddable":true,"href":"https:\/\/agora.xtec.cat\/iescalgravat\/wp-json\/wp\/v2\/media\/2913"}],"wp:attachment":[{"href":"https:\/\/agora.xtec.cat\/iescalgravat\/wp-json\/wp\/v2\/media?parent=2912"}],"wp:term":[{"taxonomy":"category","embeddable":true,"href":"https:\/\/agora.xtec.cat\/iescalgravat\/wp-json\/wp\/v2\/categories?post=2912"},{"taxonomy":"post_tag","embeddable":true,"href":"https:\/\/agora.xtec.cat\/iescalgravat\/wp-json\/wp\/v2\/tags?post=2912"}],"curies":[{"name":"wp","href":"https:\/\/api.w.org\/{rel}","templated":true}]}}