{"id":2883,"date":"2019-06-24T20:41:22","date_gmt":"2019-06-24T18:41:22","guid":{"rendered":"http:\/\/agora.xtec.cat\/iescalgravat\/?p=2883"},"modified":"2019-11-19T12:12:37","modified_gmt":"2019-11-19T11:12:37","slug":"sopar-de-graduacio-de-2on-de-batxillerat","status":"publish","type":"post","link":"https:\/\/agora.xtec.cat\/iescalgravat\/general\/sopar-de-graduacio-de-2on-de-batxillerat\/","title":{"rendered":"SOPAR DE GRADUACI\u00d3 DE 2on DE BATXILLERAT PROMOCI\u00d3 2017-19"},"content":{"rendered":"<div>Divendres 14 de juny, despr\u00e9s d&#8217;un quants dies esgotadors d&#8217;ex\u00e0mens i les PAU, els alumnes de <strong>2n de Batxillerat<\/strong> van celebrar la <strong>Festa de Graduaci\u00f3<\/strong> de final d&#8217;etapa a l&#8217;Institut Cal Gravat.<\/div>\n<div><\/div>\n<div>Alumnes, familiars i professorat van gaudir d&#8217;un sopar de germanor al restaurant els Noguers. Amb molta alegria i satisfacci\u00f3 van rebre l&#8217;orla i el motiu que els hi vam preparar perqu\u00e8 tinguin un bon record de la seva estada amb nosaltres.<\/div>\n<div><\/div>\n<div>Ara que han enllestit aquesta etapa els hi volem desitjar molta sort en aquest nou viatge. No els oblidarem! Fins aviat!!<\/div>\n<div><\/div>\n<div><\/div>\n<div><\/div>\n<div>\n<table>\n<tbody>\n<tr>\n<td><a href=\"https:\/\/agora.xtec.cat\/iescalgravat\/wp-content\/uploads\/usu63\/2019\/06\/FOTO-2-BAT-2019_opt.jpg\"><img loading=\"lazy\" decoding=\"async\" class=\"aligncenter wp-image-2885\" src=\"https:\/\/agora.xtec.cat\/iescalgravat\/wp-content\/uploads\/usu63\/2019\/06\/FOTO-2-BAT-2019_opt.jpg\" alt=\"\" width=\"264\" height=\"146\" srcset=\"https:\/\/agora.xtec.cat\/iescalgravat\/wp-content\/uploads\/usu63\/2019\/06\/FOTO-2-BAT-2019_opt.jpg 400w, https:\/\/agora.xtec.cat\/iescalgravat\/wp-content\/uploads\/usu63\/2019\/06\/FOTO-2-BAT-2019_opt-300x166.jpg 300w\" sizes=\"auto, (max-width: 264px) 100vw, 264px\" \/><\/a><\/td>\n<td><a href=\"https:\/\/agora.xtec.cat\/iescalgravat\/wp-content\/uploads\/usu63\/2019\/06\/IMG-20190620-WA0004.jpg\"><img loading=\"lazy\" decoding=\"async\" class=\"aligncenter wp-image-2884\" src=\"https:\/\/agora.xtec.cat\/iescalgravat\/wp-content\/uploads\/usu63\/2019\/06\/IMG-20190620-WA0004.jpg\" alt=\"\" width=\"219\" height=\"146\" srcset=\"https:\/\/agora.xtec.cat\/iescalgravat\/wp-content\/uploads\/usu63\/2019\/06\/IMG-20190620-WA0004.jpg 1024w, https:\/\/agora.xtec.cat\/iescalgravat\/wp-content\/uploads\/usu63\/2019\/06\/IMG-20190620-WA0004-300x200.jpg 300w, https:\/\/agora.xtec.cat\/iescalgravat\/wp-content\/uploads\/usu63\/2019\/06\/IMG-20190620-WA0004-768x512.jpg 768w\" sizes=\"auto, (max-width: 219px) 100vw, 219px\" \/><\/a><\/td>\n<\/tr>\n<\/tbody>\n<\/table>\n<\/div>\n","protected":false},"excerpt":{"rendered":"<p>Divendres 14 de juny, despr\u00e9s d&#8217;un quants dies esgotadors d&#8217;ex\u00e0mens i les PAU, els alumnes de 2n de Batxillerat van celebrar la Festa de Graduaci\u00f3 de final d&#8217;etapa a l&#8217;Institut Cal Gravat.<\/p>\n<p>Alumnes, familiars i professorat van gaudir d&#8217;un sopar de germanor al restaurant els Noguers.&hellip;  <a href=\"https:\/\/agora.xtec.cat\/iescalgravat\/general\/sopar-de-graduacio-de-2on-de-batxillerat\/\" title=\"Read SOPAR DE GRADUACI\u00d3 DE 2on DE BATXILLERAT PROMOCI\u00d3 2017-19\">Llegeix m\u00e9s\u00bb<\/a><\/p>\n","protected":false},"author":1,"featured_media":0,"comment_status":"open","ping_status":"closed","sticky":false,"template":"","format":"standard","meta":{"_bbp_topic_count":0,"_bbp_reply_count":0,"_bbp_total_topic_count":0,"_bbp_total_reply_count":0,"_bbp_voice_count":0,"_bbp_anonymous_reply_count":0,"_bbp_topic_count_hidden":0,"_bbp_reply_count_hidden":0,"_bbp_forum_subforum_count":0,"footnotes":""},"categories":[8,1],"tags":[],"class_list":["post-2883","post","type-post","status-publish","format-standard","hentry","category-batxillerat","category-general"],"post_mailing_queue_ids":[],"_links":{"self":[{"href":"https:\/\/agora.xtec.cat\/iescalgravat\/wp-json\/wp\/v2\/posts\/2883","targetHints":{"allow":["GET"]}}],"collection":[{"href":"https:\/\/agora.xtec.cat\/iescalgravat\/wp-json\/wp\/v2\/posts"}],"about":[{"href":"https:\/\/agora.xtec.cat\/iescalgravat\/wp-json\/wp\/v2\/types\/post"}],"author":[{"embeddable":true,"href":"https:\/\/agora.xtec.cat\/iescalgravat\/wp-json\/wp\/v2\/users\/1"}],"replies":[{"embeddable":true,"href":"https:\/\/agora.xtec.cat\/iescalgravat\/wp-json\/wp\/v2\/comments?post=2883"}],"version-history":[{"count":3,"href":"https:\/\/agora.xtec.cat\/iescalgravat\/wp-json\/wp\/v2\/posts\/2883\/revisions"}],"predecessor-version":[{"id":2907,"href":"https:\/\/agora.xtec.cat\/iescalgravat\/wp-json\/wp\/v2\/posts\/2883\/revisions\/2907"}],"wp:attachment":[{"href":"https:\/\/agora.xtec.cat\/iescalgravat\/wp-json\/wp\/v2\/media?parent=2883"}],"wp:term":[{"taxonomy":"category","embeddable":true,"href":"https:\/\/agora.xtec.cat\/iescalgravat\/wp-json\/wp\/v2\/categories?post=2883"},{"taxonomy":"post_tag","embeddable":true,"href":"https:\/\/agora.xtec.cat\/iescalgravat\/wp-json\/wp\/v2\/tags?post=2883"}],"curies":[{"name":"wp","href":"https:\/\/api.w.org\/{rel}","templated":true}]}}