{"id":2867,"date":"2019-06-22T16:11:22","date_gmt":"2019-06-22T14:11:22","guid":{"rendered":"http:\/\/agora.xtec.cat\/iescalgravat\/?p=2867"},"modified":"2019-11-19T12:11:36","modified_gmt":"2019-11-19T11:11:36","slug":"graduacio-alumnat-4t-eso","status":"publish","type":"post","link":"https:\/\/agora.xtec.cat\/iescalgravat\/general\/graduacio-alumnat-4t-eso\/","title":{"rendered":"GRADUACI\u00d3 ALUMNAT 4t ESO"},"content":{"rendered":"<p>Divendres 21 de juny a les 7 de la tarda i al centre vam poder celebrar la graduaci\u00f3 de l&#8217;alumnat de 4t ESO de la Promoci\u00f3 2015-19. Acompanyats de la fam\u00edlia i bona part del professorat, amb certa tristesa per\u00f2 tamb\u00e9 amb molta alegria de que ben segur continuaran fent cam\u00ed. Us desitgem molta sort!!!<\/p>\n<p><a class=\"twitter-timeline-link\" dir=\"ltr\" title=\"https:\/\/drive.google.com\/file\/d\/10mPdOvwDb6enfWBxvcEsifdXtXB8wD3j\/view?usp=sharing\" href=\"https:\/\/t.co\/nsEeS6l4Mg\" target=\"_blank\" rel=\"nofollow noopener noreferrer\" data-expanded-url=\"https:\/\/drive.google.com\/file\/d\/10mPdOvwDb6enfWBxvcEsifdXtXB8wD3j\/view?usp=sharing\"><span class=\"invisible\">https:\/\/<\/span><span class=\"js-display-url\">drive.google.com\/file\/d\/10mPdOv<\/span><span class=\"invisible\">wDb6enfWBxvcEsifdXtXB8wD3j\/view?usp=sharing<\/span><span class=\"tco-ellipsis\"><span class=\"invisible\">\u00a0<\/span>\u2026<\/span><\/a><\/p>\n<p>&nbsp;<\/p>\n<table>\n<tbody>\n<tr>\n<td><a href=\"https:\/\/agora.xtec.cat\/iescalgravat\/wp-content\/uploads\/usu63\/2019\/06\/Captura-de-Pantalla-2019-06-22-a-les-15.01.46.png\"><img loading=\"lazy\" decoding=\"async\" class=\"aligncenter size-full wp-image-2869\" src=\"https:\/\/agora.xtec.cat\/iescalgravat\/wp-content\/uploads\/usu63\/2019\/06\/Captura-de-Pantalla-2019-06-22-a-les-15.01.46.png\" alt=\"\" width=\"983\" height=\"659\" srcset=\"https:\/\/agora.xtec.cat\/iescalgravat\/wp-content\/uploads\/usu63\/2019\/06\/Captura-de-Pantalla-2019-06-22-a-les-15.01.46.png 983w, https:\/\/agora.xtec.cat\/iescalgravat\/wp-content\/uploads\/usu63\/2019\/06\/Captura-de-Pantalla-2019-06-22-a-les-15.01.46-300x201.png 300w, https:\/\/agora.xtec.cat\/iescalgravat\/wp-content\/uploads\/usu63\/2019\/06\/Captura-de-Pantalla-2019-06-22-a-les-15.01.46-768x515.png 768w\" sizes=\"auto, (max-width: 983px) 100vw, 983px\" \/><\/a><\/td>\n<td><a href=\"https:\/\/agora.xtec.cat\/iescalgravat\/wp-content\/uploads\/usu63\/2019\/06\/Captura-de-Pantalla-2019-06-22-a-les-14.58.26.png\"><img loading=\"lazy\" decoding=\"async\" class=\"aligncenter size-full wp-image-2871\" src=\"https:\/\/agora.xtec.cat\/iescalgravat\/wp-content\/uploads\/usu63\/2019\/06\/Captura-de-Pantalla-2019-06-22-a-les-14.58.26.png\" alt=\"\" width=\"1075\" height=\"701\" srcset=\"https:\/\/agora.xtec.cat\/iescalgravat\/wp-content\/uploads\/usu63\/2019\/06\/Captura-de-Pantalla-2019-06-22-a-les-14.58.26.png 1075w, https:\/\/agora.xtec.cat\/iescalgravat\/wp-content\/uploads\/usu63\/2019\/06\/Captura-de-Pantalla-2019-06-22-a-les-14.58.26-300x196.png 300w, https:\/\/agora.xtec.cat\/iescalgravat\/wp-content\/uploads\/usu63\/2019\/06\/Captura-de-Pantalla-2019-06-22-a-les-14.58.26-768x501.png 768w, https:\/\/agora.xtec.cat\/iescalgravat\/wp-content\/uploads\/usu63\/2019\/06\/Captura-de-Pantalla-2019-06-22-a-les-14.58.26-1024x668.png 1024w\" sizes=\"auto, (max-width: 1075px) 100vw, 1075px\" \/><\/a><\/td>\n<td><a href=\"https:\/\/agora.xtec.cat\/iescalgravat\/wp-content\/uploads\/usu63\/2019\/06\/Captura-de-Pantalla-2019-06-22-a-les-15.02.29.png\"><img loading=\"lazy\" decoding=\"async\" class=\"aligncenter size-full wp-image-2868\" src=\"https:\/\/agora.xtec.cat\/iescalgravat\/wp-content\/uploads\/usu63\/2019\/06\/Captura-de-Pantalla-2019-06-22-a-les-15.02.29.png\" alt=\"\" width=\"965\" height=\"661\" srcset=\"https:\/\/agora.xtec.cat\/iescalgravat\/wp-content\/uploads\/usu63\/2019\/06\/Captura-de-Pantalla-2019-06-22-a-les-15.02.29.png 965w, https:\/\/agora.xtec.cat\/iescalgravat\/wp-content\/uploads\/usu63\/2019\/06\/Captura-de-Pantalla-2019-06-22-a-les-15.02.29-300x205.png 300w, https:\/\/agora.xtec.cat\/iescalgravat\/wp-content\/uploads\/usu63\/2019\/06\/Captura-de-Pantalla-2019-06-22-a-les-15.02.29-768x526.png 768w\" sizes=\"auto, (max-width: 965px) 100vw, 965px\" \/><\/a><\/td>\n<td><a href=\"https:\/\/agora.xtec.cat\/iescalgravat\/wp-content\/uploads\/usu63\/2019\/06\/Captura-de-Pantalla-2019-06-22-a-les-14.59.44.png\"><img loading=\"lazy\" decoding=\"async\" class=\"aligncenter size-full wp-image-2870\" src=\"https:\/\/agora.xtec.cat\/iescalgravat\/wp-content\/uploads\/usu63\/2019\/06\/Captura-de-Pantalla-2019-06-22-a-les-14.59.44.png\" alt=\"\" width=\"1104\" height=\"685\" srcset=\"https:\/\/agora.xtec.cat\/iescalgravat\/wp-content\/uploads\/usu63\/2019\/06\/Captura-de-Pantalla-2019-06-22-a-les-14.59.44.png 1104w, https:\/\/agora.xtec.cat\/iescalgravat\/wp-content\/uploads\/usu63\/2019\/06\/Captura-de-Pantalla-2019-06-22-a-les-14.59.44-300x186.png 300w, https:\/\/agora.xtec.cat\/iescalgravat\/wp-content\/uploads\/usu63\/2019\/06\/Captura-de-Pantalla-2019-06-22-a-les-14.59.44-768x477.png 768w, https:\/\/agora.xtec.cat\/iescalgravat\/wp-content\/uploads\/usu63\/2019\/06\/Captura-de-Pantalla-2019-06-22-a-les-14.59.44-1024x635.png 1024w\" sizes=\"auto, (max-width: 1104px) 100vw, 1104px\" \/><\/a><\/td>\n<\/tr>\n<\/tbody>\n<\/table>\n","protected":false},"excerpt":{"rendered":"<p>Divendres 21 de juny a les 7 de la tarda i al centre vam poder celebrar la graduaci\u00f3 de l&#8217;alumnat de 4t ESO de la Promoci\u00f3 2015-19. Acompanyats de la fam\u00edlia i bona part del professorat, amb certa tristesa per\u00f2 tamb\u00e9 amb molta alegria de&hellip;  <a href=\"https:\/\/agora.xtec.cat\/iescalgravat\/general\/graduacio-alumnat-4t-eso\/\" title=\"Read GRADUACI\u00d3 ALUMNAT 4t ESO\">Llegeix m\u00e9s\u00bb<\/a><\/p>\n","protected":false},"author":1,"featured_media":2869,"comment_status":"open","ping_status":"closed","sticky":false,"template":"","format":"standard","meta":{"_bbp_topic_count":0,"_bbp_reply_count":0,"_bbp_total_topic_count":0,"_bbp_total_reply_count":0,"_bbp_voice_count":0,"_bbp_anonymous_reply_count":0,"_bbp_topic_count_hidden":0,"_bbp_reply_count_hidden":0,"_bbp_forum_subforum_count":0,"footnotes":""},"categories":[3,7,1],"tags":[],"class_list":["post-2867","post","type-post","status-publish","format-standard","has-post-thumbnail","hentry","category-eso","category-eso-4","category-general"],"post_mailing_queue_ids":[],"_links":{"self":[{"href":"https:\/\/agora.xtec.cat\/iescalgravat\/wp-json\/wp\/v2\/posts\/2867","targetHints":{"allow":["GET"]}}],"collection":[{"href":"https:\/\/agora.xtec.cat\/iescalgravat\/wp-json\/wp\/v2\/posts"}],"about":[{"href":"https:\/\/agora.xtec.cat\/iescalgravat\/wp-json\/wp\/v2\/types\/post"}],"author":[{"embeddable":true,"href":"https:\/\/agora.xtec.cat\/iescalgravat\/wp-json\/wp\/v2\/users\/1"}],"replies":[{"embeddable":true,"href":"https:\/\/agora.xtec.cat\/iescalgravat\/wp-json\/wp\/v2\/comments?post=2867"}],"version-history":[{"count":1,"href":"https:\/\/agora.xtec.cat\/iescalgravat\/wp-json\/wp\/v2\/posts\/2867\/revisions"}],"predecessor-version":[{"id":2872,"href":"https:\/\/agora.xtec.cat\/iescalgravat\/wp-json\/wp\/v2\/posts\/2867\/revisions\/2872"}],"wp:featuredmedia":[{"embeddable":true,"href":"https:\/\/agora.xtec.cat\/iescalgravat\/wp-json\/wp\/v2\/media\/2869"}],"wp:attachment":[{"href":"https:\/\/agora.xtec.cat\/iescalgravat\/wp-json\/wp\/v2\/media?parent=2867"}],"wp:term":[{"taxonomy":"category","embeddable":true,"href":"https:\/\/agora.xtec.cat\/iescalgravat\/wp-json\/wp\/v2\/categories?post=2867"},{"taxonomy":"post_tag","embeddable":true,"href":"https:\/\/agora.xtec.cat\/iescalgravat\/wp-json\/wp\/v2\/tags?post=2867"}],"curies":[{"name":"wp","href":"https:\/\/api.w.org\/{rel}","templated":true}]}}