{"id":2749,"date":"2019-05-17T19:07:11","date_gmt":"2019-05-17T17:07:11","guid":{"rendered":"http:\/\/agora.xtec.cat\/iescalgravat\/?p=2749"},"modified":"2019-09-05T10:02:06","modified_gmt":"2019-09-05T08:02:06","slug":"visita-a-les-illes-medes","status":"publish","type":"post","link":"https:\/\/agora.xtec.cat\/iescalgravat\/general\/visita-a-les-illes-medes\/","title":{"rendered":"VISITA A LES ILLES MEDES"},"content":{"rendered":"<p>El dimarts 14 de maig, l&#8217; alumnat de 4t d&#8217;ESO i de 1r de Batxillerat de la mat\u00e8ria de Biologia, vam visitar el <strong>Parc Natural de les Illes Medes<\/strong>.<\/p>\n<p>Va fer un dia espl\u00e8ndid, amb tramuntana fluixa, \u00f2ptim per a l&#8217;observaci\u00f3 del fons mar\u00ed: praderia de posid\u00f2nia, planta superior aqu\u00e0tica, amb arrel, tija, fulles, flors i fruits, i algunes esp\u00e8cies de vertebrats com gavians de pota groga, meros, sards, verades, castanyoles &#8230;<\/p>\n<table class=\" aligncenter\" style=\"height: 436px; width: 398px;\">\n<tbody>\n<tr>\n<td style=\"width: 216px; text-align: center;\"><a href=\"https:\/\/agora.xtec.cat\/iescalgravat\/wp-content\/uploads\/usu63\/2019\/05\/IMG-20190515-WA00021.jpg\"><img loading=\"lazy\" decoding=\"async\" class=\"aligncenter size-full wp-image-2754\" src=\"https:\/\/agora.xtec.cat\/iescalgravat\/wp-content\/uploads\/usu63\/2019\/05\/IMG-20190515-WA00021.jpg\" alt=\"\" width=\"1600\" height=\"900\" srcset=\"https:\/\/agora.xtec.cat\/iescalgravat\/wp-content\/uploads\/usu63\/2019\/05\/IMG-20190515-WA00021.jpg 1600w, https:\/\/agora.xtec.cat\/iescalgravat\/wp-content\/uploads\/usu63\/2019\/05\/IMG-20190515-WA00021-300x169.jpg 300w, https:\/\/agora.xtec.cat\/iescalgravat\/wp-content\/uploads\/usu63\/2019\/05\/IMG-20190515-WA00021-768x432.jpg 768w, https:\/\/agora.xtec.cat\/iescalgravat\/wp-content\/uploads\/usu63\/2019\/05\/IMG-20190515-WA00021-1024x576.jpg 1024w\" sizes=\"auto, (max-width: 1600px) 100vw, 1600px\" \/><\/a><\/td>\n<td style=\"width: 174px;\"><a href=\"https:\/\/agora.xtec.cat\/iescalgravat\/wp-content\/uploads\/usu63\/2019\/05\/IMG-20190515-WA00011.jpg\"><img loading=\"lazy\" decoding=\"async\" class=\"aligncenter wp-image-2753\" src=\"https:\/\/agora.xtec.cat\/iescalgravat\/wp-content\/uploads\/usu63\/2019\/05\/IMG-20190515-WA00011.jpg\" alt=\"\" width=\"93\" height=\"165\" srcset=\"https:\/\/agora.xtec.cat\/iescalgravat\/wp-content\/uploads\/usu63\/2019\/05\/IMG-20190515-WA00011.jpg 900w, https:\/\/agora.xtec.cat\/iescalgravat\/wp-content\/uploads\/usu63\/2019\/05\/IMG-20190515-WA00011-169x300.jpg 169w, https:\/\/agora.xtec.cat\/iescalgravat\/wp-content\/uploads\/usu63\/2019\/05\/IMG-20190515-WA00011-768x1365.jpg 768w, https:\/\/agora.xtec.cat\/iescalgravat\/wp-content\/uploads\/usu63\/2019\/05\/IMG-20190515-WA00011-576x1024.jpg 576w\" sizes=\"auto, (max-width: 93px) 100vw, 93px\" \/><\/a><\/td>\n<\/tr>\n<tr>\n<td style=\"width: 216px;\"><a href=\"https:\/\/agora.xtec.cat\/iescalgravat\/wp-content\/uploads\/usu63\/2019\/05\/IMG-20190514-WA00101.jpg\"><img loading=\"lazy\" decoding=\"async\" class=\"aligncenter size-full wp-image-2751\" src=\"https:\/\/agora.xtec.cat\/iescalgravat\/wp-content\/uploads\/usu63\/2019\/05\/IMG-20190514-WA00101.jpg\" alt=\"\" width=\"1600\" height=\"900\" srcset=\"https:\/\/agora.xtec.cat\/iescalgravat\/wp-content\/uploads\/usu63\/2019\/05\/IMG-20190514-WA00101.jpg 1600w, https:\/\/agora.xtec.cat\/iescalgravat\/wp-content\/uploads\/usu63\/2019\/05\/IMG-20190514-WA00101-300x169.jpg 300w, https:\/\/agora.xtec.cat\/iescalgravat\/wp-content\/uploads\/usu63\/2019\/05\/IMG-20190514-WA00101-768x432.jpg 768w, https:\/\/agora.xtec.cat\/iescalgravat\/wp-content\/uploads\/usu63\/2019\/05\/IMG-20190514-WA00101-1024x576.jpg 1024w\" sizes=\"auto, (max-width: 1600px) 100vw, 1600px\" \/><\/a><\/td>\n<td style=\"width: 174px;\"><a href=\"https:\/\/agora.xtec.cat\/iescalgravat\/wp-content\/uploads\/usu63\/2019\/05\/20190514_1401191.jpg\"><img loading=\"lazy\" decoding=\"async\" class=\"aligncenter wp-image-2755\" src=\"https:\/\/agora.xtec.cat\/iescalgravat\/wp-content\/uploads\/usu63\/2019\/05\/20190514_1401191.jpg\" alt=\"\" width=\"178\" height=\"100\" srcset=\"https:\/\/agora.xtec.cat\/iescalgravat\/wp-content\/uploads\/usu63\/2019\/05\/20190514_1401191.jpg 4128w, https:\/\/agora.xtec.cat\/iescalgravat\/wp-content\/uploads\/usu63\/2019\/05\/20190514_1401191-300x169.jpg 300w, https:\/\/agora.xtec.cat\/iescalgravat\/wp-content\/uploads\/usu63\/2019\/05\/20190514_1401191-768x432.jpg 768w, https:\/\/agora.xtec.cat\/iescalgravat\/wp-content\/uploads\/usu63\/2019\/05\/20190514_1401191-1024x576.jpg 1024w\" sizes=\"auto, (max-width: 178px) 100vw, 178px\" \/><\/a><\/td>\n<\/tr>\n<tr>\n<td style=\"width: 216px;\"><img decoding=\"async\" src=\"https:\/\/agora.xtec.cat\/iescalgravat\/wp-content\/uploads\/usu63\/2019\/05\/IMG-20190515-WA00001.jpg\" \/><\/td>\n<td style=\"width: 174px;\"><img decoding=\"async\" src=\"https:\/\/agora.xtec.cat\/iescalgravat\/wp-content\/uploads\/usu63\/2019\/05\/IMG-20190514-WA00092.jpg\" \/><\/td>\n<\/tr>\n<\/tbody>\n<\/table>\n","protected":false},"excerpt":{"rendered":"<p>El dimarts 14 de maig, l&#8217; alumnat de 4t d&#8217;ESO i de 1r de Batxillerat de la mat\u00e8ria de Biologia, vam visitar el Parc Natural de les Illes Medes.<br \/>\nVa fer un dia espl\u00e8ndid, amb tramuntana fluixa, \u00f2ptim per a l&#8217;observaci\u00f3 del fons mar\u00ed: praderia de&hellip;  <a href=\"https:\/\/agora.xtec.cat\/iescalgravat\/general\/visita-a-les-illes-medes\/\" title=\"Read VISITA A LES ILLES MEDES\">Llegeix m\u00e9s\u00bb<\/a><\/p>\n","protected":false},"author":1,"featured_media":0,"comment_status":"open","ping_status":"closed","sticky":false,"template":"","format":"standard","meta":{"_bbp_topic_count":0,"_bbp_reply_count":0,"_bbp_total_topic_count":0,"_bbp_total_reply_count":0,"_bbp_voice_count":0,"_bbp_anonymous_reply_count":0,"_bbp_topic_count_hidden":0,"_bbp_reply_count_hidden":0,"_bbp_forum_subforum_count":0,"footnotes":""},"categories":[8,7,1],"tags":[],"class_list":["post-2749","post","type-post","status-publish","format-standard","hentry","category-batxillerat","category-eso-4","category-general"],"post_mailing_queue_ids":[],"_links":{"self":[{"href":"https:\/\/agora.xtec.cat\/iescalgravat\/wp-json\/wp\/v2\/posts\/2749","targetHints":{"allow":["GET"]}}],"collection":[{"href":"https:\/\/agora.xtec.cat\/iescalgravat\/wp-json\/wp\/v2\/posts"}],"about":[{"href":"https:\/\/agora.xtec.cat\/iescalgravat\/wp-json\/wp\/v2\/types\/post"}],"author":[{"embeddable":true,"href":"https:\/\/agora.xtec.cat\/iescalgravat\/wp-json\/wp\/v2\/users\/1"}],"replies":[{"embeddable":true,"href":"https:\/\/agora.xtec.cat\/iescalgravat\/wp-json\/wp\/v2\/comments?post=2749"}],"version-history":[{"count":2,"href":"https:\/\/agora.xtec.cat\/iescalgravat\/wp-json\/wp\/v2\/posts\/2749\/revisions"}],"predecessor-version":[{"id":2757,"href":"https:\/\/agora.xtec.cat\/iescalgravat\/wp-json\/wp\/v2\/posts\/2749\/revisions\/2757"}],"wp:attachment":[{"href":"https:\/\/agora.xtec.cat\/iescalgravat\/wp-json\/wp\/v2\/media?parent=2749"}],"wp:term":[{"taxonomy":"category","embeddable":true,"href":"https:\/\/agora.xtec.cat\/iescalgravat\/wp-json\/wp\/v2\/categories?post=2749"},{"taxonomy":"post_tag","embeddable":true,"href":"https:\/\/agora.xtec.cat\/iescalgravat\/wp-json\/wp\/v2\/tags?post=2749"}],"curies":[{"name":"wp","href":"https:\/\/api.w.org\/{rel}","templated":true}]}}