{"id":2727,"date":"2019-05-13T10:39:19","date_gmt":"2019-05-13T08:39:19","guid":{"rendered":"http:\/\/agora.xtec.cat\/iescalgravat\/?p=2727"},"modified":"2019-09-05T10:03:45","modified_gmt":"2019-09-05T08:03:45","slug":"sessio-final-del-curs-gep-2018-19","status":"publish","type":"post","link":"https:\/\/agora.xtec.cat\/iescalgravat\/general\/sessio-final-del-curs-gep-2018-19\/","title":{"rendered":"SESSI\u00d3 FINAL DEL CURS GEP 2018-19"},"content":{"rendered":"<p>El passat dia 10 de maig vam realitzar a L&#8217;EOI l&#8217;\u00faltima sessi\u00f3 del curs <strong>GEP2 (Generaci\u00f3 Pluriling\u00fce<\/strong>), un projecte que va comen\u00e7ar l&#8217;Institut Cal Gravat el curs 2017\/18 i que acaba el proper any.<\/p>\n<div>Aquest curs ha tingut un total de 8 sessions on ens hem trobat professors de diferents instituts, de prim\u00e0ria i secund\u00e0ria, i de diferents assignatures on hem compartit totes les experi\u00e8ncies.<\/div>\n<div>Durant el curs hem apr\u00e8s moltes eines, recursos i metodologies com ara el\u00a0<a href=\"https:\/\/www.youtube.com\/watch?v=LMCZvGesRz8\" target=\"_blank\" rel=\"noopener noreferrer\" data-saferedirecturl=\"https:\/\/www.google.com\/url?q=https:\/\/www.youtube.com\/watch?v%3DLMCZvGesRz8&amp;source=gmail&amp;ust=1557822496782000&amp;usg=AFQjCNEimxV-BmOJyyAzA1GzzEWfAP_V3w\">PBL(project based learning)<\/a>\u00a0per desenvolupar en les nostres classes d&#8217;educaci\u00f3 f\u00edsica i naturals en la llengua anglesa.<\/div>\n<div>En la \u00faltima sessi\u00f3 hem compartit els nostres projectes amb els companys i hem pogut veure totes les activitats, murals i feines realitzades a classe, ha estat una bona experi\u00e8ncia!<\/div>\n<div><\/div>\n<div class=\"yj6qo\"><\/div>\n<div>\n<table style=\"border-collapse: collapse; width: 100%;\" border=\"1\">\n<tbody>\n<tr>\n<td style=\"width: 25%;\"><a href=\"https:\/\/agora.xtec.cat\/iescalgravat\/wp-content\/uploads\/usu63\/2019\/05\/Portada-e1557736687953.jpg\"><img loading=\"lazy\" decoding=\"async\" class=\"aligncenter size-full wp-image-2729\" src=\"https:\/\/agora.xtec.cat\/iescalgravat\/wp-content\/uploads\/usu63\/2019\/05\/Portada-e1557736687953.jpg\" alt=\"\" width=\"1512\" height=\"2016\" \/><\/a><\/td>\n<td style=\"width: 25%;\"><a href=\"https:\/\/agora.xtec.cat\/iescalgravat\/wp-content\/uploads\/usu63\/2019\/05\/Product.jpg\"><img loading=\"lazy\" decoding=\"async\" class=\"aligncenter size-full wp-image-2730\" src=\"https:\/\/agora.xtec.cat\/iescalgravat\/wp-content\/uploads\/usu63\/2019\/05\/Product.jpg\" alt=\"\" width=\"899\" height=\"1599\" srcset=\"https:\/\/agora.xtec.cat\/iescalgravat\/wp-content\/uploads\/usu63\/2019\/05\/Product.jpg 899w, https:\/\/agora.xtec.cat\/iescalgravat\/wp-content\/uploads\/usu63\/2019\/05\/Product-169x300.jpg 169w, https:\/\/agora.xtec.cat\/iescalgravat\/wp-content\/uploads\/usu63\/2019\/05\/Product-768x1366.jpg 768w, https:\/\/agora.xtec.cat\/iescalgravat\/wp-content\/uploads\/usu63\/2019\/05\/Product-576x1024.jpg 576w\" sizes=\"auto, (max-width: 899px) 100vw, 899px\" \/><\/a><\/td>\n<td style=\"width: 28.0686%;\"><a href=\"https:\/\/agora.xtec.cat\/iescalgravat\/wp-content\/uploads\/usu63\/2019\/05\/9c7c3317-be24-49fe-a9c9-bdcd5978ae40.jpg\"><img loading=\"lazy\" decoding=\"async\" class=\"aligncenter wp-image-2728\" src=\"https:\/\/agora.xtec.cat\/iescalgravat\/wp-content\/uploads\/usu63\/2019\/05\/9c7c3317-be24-49fe-a9c9-bdcd5978ae40.jpg\" alt=\"\" width=\"208\" height=\"118\" srcset=\"https:\/\/agora.xtec.cat\/iescalgravat\/wp-content\/uploads\/usu63\/2019\/05\/9c7c3317-be24-49fe-a9c9-bdcd5978ae40.jpg 1599w, https:\/\/agora.xtec.cat\/iescalgravat\/wp-content\/uploads\/usu63\/2019\/05\/9c7c3317-be24-49fe-a9c9-bdcd5978ae40-300x169.jpg 300w, https:\/\/agora.xtec.cat\/iescalgravat\/wp-content\/uploads\/usu63\/2019\/05\/9c7c3317-be24-49fe-a9c9-bdcd5978ae40-768x432.jpg 768w, https:\/\/agora.xtec.cat\/iescalgravat\/wp-content\/uploads\/usu63\/2019\/05\/9c7c3317-be24-49fe-a9c9-bdcd5978ae40-1024x576.jpg 1024w\" sizes=\"auto, (max-width: 208px) 100vw, 208px\" \/><\/a><\/td>\n<\/tr>\n<\/tbody>\n<\/table>\n<\/div>\n","protected":false},"excerpt":{"rendered":"<p>El passat dia 10 de maig vam realitzar a L&#8217;EOI l&#8217;\u00faltima sessi\u00f3 del curs GEP2 (Generaci\u00f3 Pluriling\u00fce), un projecte que va comen\u00e7ar l&#8217;Institut Cal Gravat el curs 2017\/18 i que acaba el proper any.<br \/>\nAquest curs ha tingut un total de 8 sessions on ens hem&hellip;  <a href=\"https:\/\/agora.xtec.cat\/iescalgravat\/general\/sessio-final-del-curs-gep-2018-19\/\" title=\"Read SESSI\u00d3 FINAL DEL CURS GEP 2018-19\">Llegeix m\u00e9s\u00bb<\/a><\/p>\n","protected":false},"author":1,"featured_media":0,"comment_status":"open","ping_status":"closed","sticky":false,"template":"","format":"standard","meta":{"_bbp_topic_count":0,"_bbp_reply_count":0,"_bbp_total_topic_count":0,"_bbp_total_reply_count":0,"_bbp_voice_count":0,"_bbp_anonymous_reply_count":0,"_bbp_topic_count_hidden":0,"_bbp_reply_count_hidden":0,"_bbp_forum_subforum_count":0,"footnotes":""},"categories":[1,133],"tags":[],"class_list":["post-2727","post","type-post","status-publish","format-standard","hentry","category-general","category-projecte-gep"],"post_mailing_queue_ids":[],"_links":{"self":[{"href":"https:\/\/agora.xtec.cat\/iescalgravat\/wp-json\/wp\/v2\/posts\/2727","targetHints":{"allow":["GET"]}}],"collection":[{"href":"https:\/\/agora.xtec.cat\/iescalgravat\/wp-json\/wp\/v2\/posts"}],"about":[{"href":"https:\/\/agora.xtec.cat\/iescalgravat\/wp-json\/wp\/v2\/types\/post"}],"author":[{"embeddable":true,"href":"https:\/\/agora.xtec.cat\/iescalgravat\/wp-json\/wp\/v2\/users\/1"}],"replies":[{"embeddable":true,"href":"https:\/\/agora.xtec.cat\/iescalgravat\/wp-json\/wp\/v2\/comments?post=2727"}],"version-history":[{"count":2,"href":"https:\/\/agora.xtec.cat\/iescalgravat\/wp-json\/wp\/v2\/posts\/2727\/revisions"}],"predecessor-version":[{"id":2940,"href":"https:\/\/agora.xtec.cat\/iescalgravat\/wp-json\/wp\/v2\/posts\/2727\/revisions\/2940"}],"wp:attachment":[{"href":"https:\/\/agora.xtec.cat\/iescalgravat\/wp-json\/wp\/v2\/media?parent=2727"}],"wp:term":[{"taxonomy":"category","embeddable":true,"href":"https:\/\/agora.xtec.cat\/iescalgravat\/wp-json\/wp\/v2\/categories?post=2727"},{"taxonomy":"post_tag","embeddable":true,"href":"https:\/\/agora.xtec.cat\/iescalgravat\/wp-json\/wp\/v2\/tags?post=2727"}],"curies":[{"name":"wp","href":"https:\/\/api.w.org\/{rel}","templated":true}]}}