{"id":2708,"date":"2019-05-08T14:23:51","date_gmt":"2019-05-08T12:23:51","guid":{"rendered":"http:\/\/agora.xtec.cat\/iescalgravat\/?p=2708"},"modified":"2019-09-05T10:05:04","modified_gmt":"2019-09-05T08:05:04","slug":"preparem-la-festa-de-final-del-curs","status":"publish","type":"post","link":"https:\/\/agora.xtec.cat\/iescalgravat\/general\/preparem-la-festa-de-final-del-curs\/","title":{"rendered":"X\u00e8 ANIVERSARI"},"content":{"rendered":"<h5 style=\"text-align: justify;\">Aquest curs 2018-19 \u00e9s el <em><strong><span style=\"font-size: large;\">10\u00e8 aniversari<\/span>,<\/strong><\/em>\u00a0ja fa 10 anys des del nostre naixement com a 5\u00e8 Institut P\u00fablic de Manresa; per aquest motiu hem preparat un seguit d&#8217;activitats per poder-ho celebrar. Entre aquestes activitats es far\u00e0 un sopar de germanor el\u00a0<em><strong><span style=\"font-size: large;\">divendres 21 de juny a les 9 del vespre al centre<\/span><\/strong><\/em>, hi esteu tots\/es convidats\/des.<\/h5>\n<h5 style=\"text-align: justify;\">Si us animeu a venir a sopar l&#8217;haur\u00edeu de pagar anticipadament ja que l&#8217;empresa de catering ens demana una previsi\u00f3 de la gent que vindr\u00e0, el preu del sopar \u00e9s de 12\u20ac. Cal fer l&#8217;ingr\u00e9s <strong>abans del dia 24 de maig<\/strong> al n\u00fam de compte del Banc de Sabadell seg\u00fcent: <span class=\"m_8742793421695287584m_2824416626120896141gmail-m_-4521153894286792332m_-3113171999881931gmail-title3\"><strong><span style=\"font-size: large;\">ES79 0081 0179 0600 0119 0625 <\/span><\/strong><\/span><span class=\"m_8742793421695287584m_2824416626120896141gmail-m_-4521153894286792332m_-3113171999881931gmail-title3\">(<strong><span style=\"font-size: large;\">molt important <\/span><\/strong>que poseu com a concepte &#8220;sopar i el vostre nom i cognoms&#8221;). <\/span>Ser\u00e0 imprescindible portar el justificant de pagament el dia del sopar ja que servir\u00e0 com a entrada al centre.<img decoding=\"async\" class=\"m_8742793421695287584m_2824416626120896141gmail-ajT\" src=\"https:\/\/ci6.googleusercontent.com\/proxy\/x7Az90uC0FlqG1NQNJvbQl7YtYRlnWzoqu2O_ZLb9xIKhYpJarh3aZrZ_qlU6_VKMQpRwI5_nDi9FsJOqf0XSQHw_6yv1VK7rhIBScGS2g=s0-d-e1-ft#https:\/\/ssl.gstatic.com\/ui\/v1\/icons\/mail\/images\/cleardot.gif\" \/><\/h5>\n<div class=\"m_8742793421695287584m_2824416626120896141gmail-adL\">\n<h5 class=\"m_8742793421695287584m_2824416626120896141gmail-im\" style=\"text-align: justify;\">Ens <em><strong>agradaria<\/strong><\/em> molt poder <strong>comptar amb la vostra pres\u00e8ncia<\/strong> i poder-nos retrobar amb els de la vostra promoci\u00f3.<\/h5>\n<div><\/div>\n<div><a href=\"https:\/\/agora.xtec.cat\/iescalgravat\/wp-content\/uploads\/usu63\/2019\/05\/0001.jpg\"><img loading=\"lazy\" decoding=\"async\" class=\"wp-image-2710 aligncenter\" src=\"https:\/\/agora.xtec.cat\/iescalgravat\/wp-content\/uploads\/usu63\/2019\/05\/0001.jpg\" alt=\"\" width=\"252\" height=\"252\" srcset=\"https:\/\/agora.xtec.cat\/iescalgravat\/wp-content\/uploads\/usu63\/2019\/05\/0001.jpg 4517w, https:\/\/agora.xtec.cat\/iescalgravat\/wp-content\/uploads\/usu63\/2019\/05\/0001-150x150.jpg 150w, https:\/\/agora.xtec.cat\/iescalgravat\/wp-content\/uploads\/usu63\/2019\/05\/0001-300x300.jpg 300w, https:\/\/agora.xtec.cat\/iescalgravat\/wp-content\/uploads\/usu63\/2019\/05\/0001-768x768.jpg 768w, https:\/\/agora.xtec.cat\/iescalgravat\/wp-content\/uploads\/usu63\/2019\/05\/0001-1024x1024.jpg 1024w\" sizes=\"auto, (max-width: 252px) 100vw, 252px\" \/><\/a><\/div>\n<\/div>\n","protected":false},"excerpt":{"rendered":"<p>Aquest curs 2018-19 \u00e9s el 10\u00e8 aniversari,\u00a0ja fa 10 anys des del nostre naixement com a 5\u00e8 Institut P\u00fablic de Manresa; per aquest motiu hem preparat un seguit d&#8217;activitats per poder-ho celebrar. Entre aquestes activitats es far\u00e0 un sopar de germanor el\u00a0divendres 21 de juny&hellip;  <a href=\"https:\/\/agora.xtec.cat\/iescalgravat\/general\/preparem-la-festa-de-final-del-curs\/\" title=\"Read X\u00e8 ANIVERSARI\">Llegeix m\u00e9s\u00bb<\/a><\/p>\n","protected":false},"author":1,"featured_media":2710,"comment_status":"open","ping_status":"closed","sticky":false,"template":"","format":"standard","meta":{"_bbp_topic_count":0,"_bbp_reply_count":0,"_bbp_total_topic_count":0,"_bbp_total_reply_count":0,"_bbp_voice_count":0,"_bbp_anonymous_reply_count":0,"_bbp_topic_count_hidden":0,"_bbp_reply_count_hidden":0,"_bbp_forum_subforum_count":0,"footnotes":""},"categories":[31,8,3,1],"tags":[],"class_list":["post-2708","post","type-post","status-publish","format-standard","has-post-thumbnail","hentry","category-ampa","category-batxillerat","category-eso","category-general"],"post_mailing_queue_ids":[],"_links":{"self":[{"href":"https:\/\/agora.xtec.cat\/iescalgravat\/wp-json\/wp\/v2\/posts\/2708","targetHints":{"allow":["GET"]}}],"collection":[{"href":"https:\/\/agora.xtec.cat\/iescalgravat\/wp-json\/wp\/v2\/posts"}],"about":[{"href":"https:\/\/agora.xtec.cat\/iescalgravat\/wp-json\/wp\/v2\/types\/post"}],"author":[{"embeddable":true,"href":"https:\/\/agora.xtec.cat\/iescalgravat\/wp-json\/wp\/v2\/users\/1"}],"replies":[{"embeddable":true,"href":"https:\/\/agora.xtec.cat\/iescalgravat\/wp-json\/wp\/v2\/comments?post=2708"}],"version-history":[{"count":3,"href":"https:\/\/agora.xtec.cat\/iescalgravat\/wp-json\/wp\/v2\/posts\/2708\/revisions"}],"predecessor-version":[{"id":2760,"href":"https:\/\/agora.xtec.cat\/iescalgravat\/wp-json\/wp\/v2\/posts\/2708\/revisions\/2760"}],"wp:featuredmedia":[{"embeddable":true,"href":"https:\/\/agora.xtec.cat\/iescalgravat\/wp-json\/wp\/v2\/media\/2710"}],"wp:attachment":[{"href":"https:\/\/agora.xtec.cat\/iescalgravat\/wp-json\/wp\/v2\/media?parent=2708"}],"wp:term":[{"taxonomy":"category","embeddable":true,"href":"https:\/\/agora.xtec.cat\/iescalgravat\/wp-json\/wp\/v2\/categories?post=2708"},{"taxonomy":"post_tag","embeddable":true,"href":"https:\/\/agora.xtec.cat\/iescalgravat\/wp-json\/wp\/v2\/tags?post=2708"}],"curies":[{"name":"wp","href":"https:\/\/api.w.org\/{rel}","templated":true}]}}