{"id":2679,"date":"2019-04-29T19:34:12","date_gmt":"2019-04-29T17:34:12","guid":{"rendered":"http:\/\/agora.xtec.cat\/iescalgravat\/?p=2679"},"modified":"2019-06-13T20:58:28","modified_gmt":"2019-06-13T18:58:28","slug":"erasmus-ens-porta-ara-a-verona-italia","status":"publish","type":"post","link":"https:\/\/agora.xtec.cat\/iescalgravat\/general\/erasmus-ens-porta-ara-a-verona-italia\/","title":{"rendered":"ERASMUS+ ENS PORTA ARA A VERONA -IT\u00c0LIA-"},"content":{"rendered":"<p style=\"text-align: justify;\">Des del diumenge passat i fins divendres, 28 d&#8217;abril al 3 de maig, un grup de 6 alumnes del nostre institut: l&#8217;Emma-Lan Ayala, X\u00e8nia Mart\u00ednez, Ainara Membrive, Irina Torrecillas, Javier Vega i Ana Paula Zamora de 3r i 4t d&#8217;ESO, i dues professores del Dept. de Lleng\u00fces Estrangeres: la N\u00faria Foixench i la Merc\u00e8 Pedrosa; estan participant en una trobada multicultural a la ciutat de Verona a It\u00e0lia. Aquesta interessant experi\u00e8ncia forma part del <span class=\"il\">projecte<\/span> <span class=\"il\">Erasmus<\/span> +&#8221;Little Actions for Active Citizenship&#8221; en qu\u00e8 l&#8217;Institut Cal Gravat participa juntament amb instituts d&#8217;Hongria, T\u00farquia, Litu\u00e0nia i Turquia. Aquest <span class=\"il\">projecte<\/span> <span class=\"il\">Erasmus<\/span>+ durar\u00e0 2 anys i permetr\u00e0 que alguns dels nostres alumnes i professors viatgin als\u00a0 pa\u00efsos que participen al <span class=\"il\">projecte<\/span>, coneguin la seva cultura i facin amics d&#8217;arreu del m\u00f3n.<\/p>\n<table style=\"border-collapse: collapse; width: 100%;\" border=\"1\">\n<tbody>\n<tr>\n<td style=\"width: 50%;\"><a href=\"https:\/\/agora.xtec.cat\/iescalgravat\/wp-content\/uploads\/usu63\/2019\/04\/PHOTO-2019-04-29-13-09-46.jpg\"><img loading=\"lazy\" decoding=\"async\" class=\"aligncenter size-full wp-image-2682\" src=\"https:\/\/agora.xtec.cat\/iescalgravat\/wp-content\/uploads\/usu63\/2019\/04\/PHOTO-2019-04-29-13-09-46.jpg\" alt=\"\" width=\"1600\" height=\"1200\" srcset=\"https:\/\/agora.xtec.cat\/iescalgravat\/wp-content\/uploads\/usu63\/2019\/04\/PHOTO-2019-04-29-13-09-46.jpg 1600w, https:\/\/agora.xtec.cat\/iescalgravat\/wp-content\/uploads\/usu63\/2019\/04\/PHOTO-2019-04-29-13-09-46-300x225.jpg 300w, https:\/\/agora.xtec.cat\/iescalgravat\/wp-content\/uploads\/usu63\/2019\/04\/PHOTO-2019-04-29-13-09-46-768x576.jpg 768w, https:\/\/agora.xtec.cat\/iescalgravat\/wp-content\/uploads\/usu63\/2019\/04\/PHOTO-2019-04-29-13-09-46-1024x768.jpg 1024w, https:\/\/agora.xtec.cat\/iescalgravat\/wp-content\/uploads\/usu63\/2019\/04\/PHOTO-2019-04-29-13-09-46-200x150.jpg 200w\" sizes=\"auto, (max-width: 1600px) 100vw, 1600px\" \/><\/a><\/td>\n<td style=\"width: 50%;\"><a href=\"https:\/\/agora.xtec.cat\/iescalgravat\/wp-content\/uploads\/usu63\/2019\/04\/PHOTO-2019-04-29-13-10-16.jpg\"><img loading=\"lazy\" decoding=\"async\" class=\"aligncenter size-full wp-image-2681\" src=\"https:\/\/agora.xtec.cat\/iescalgravat\/wp-content\/uploads\/usu63\/2019\/04\/PHOTO-2019-04-29-13-10-16.jpg\" alt=\"\" width=\"1600\" height=\"1200\" srcset=\"https:\/\/agora.xtec.cat\/iescalgravat\/wp-content\/uploads\/usu63\/2019\/04\/PHOTO-2019-04-29-13-10-16.jpg 1600w, https:\/\/agora.xtec.cat\/iescalgravat\/wp-content\/uploads\/usu63\/2019\/04\/PHOTO-2019-04-29-13-10-16-300x225.jpg 300w, https:\/\/agora.xtec.cat\/iescalgravat\/wp-content\/uploads\/usu63\/2019\/04\/PHOTO-2019-04-29-13-10-16-768x576.jpg 768w, https:\/\/agora.xtec.cat\/iescalgravat\/wp-content\/uploads\/usu63\/2019\/04\/PHOTO-2019-04-29-13-10-16-1024x768.jpg 1024w, https:\/\/agora.xtec.cat\/iescalgravat\/wp-content\/uploads\/usu63\/2019\/04\/PHOTO-2019-04-29-13-10-16-200x150.jpg 200w\" sizes=\"auto, (max-width: 1600px) 100vw, 1600px\" \/><\/a><\/td>\n<\/tr>\n<\/tbody>\n<\/table>\n<p>&nbsp;<\/p>\n","protected":false},"excerpt":{"rendered":"<p>Des del diumenge passat i fins divendres, 28 d&#8217;abril al 3 de maig, un grup de 6 alumnes del nostre institut: l&#8217;Emma-Lan Ayala, X\u00e8nia Mart\u00ednez, Ainara Membrive, Irina Torrecillas, Javier Vega i Ana Paula Zamora de 3r i 4t d&#8217;ESO, i dues professores del Dept.&hellip;  <a href=\"https:\/\/agora.xtec.cat\/iescalgravat\/general\/erasmus-ens-porta-ara-a-verona-italia\/\" title=\"Read ERASMUS+ ENS PORTA ARA A VERONA -IT\u00c0LIA-\">Llegeix m\u00e9s\u00bb<\/a><\/p>\n","protected":false},"author":1,"featured_media":2681,"comment_status":"open","ping_status":"closed","sticky":false,"template":"","format":"standard","meta":{"_bbp_topic_count":0,"_bbp_reply_count":0,"_bbp_total_topic_count":0,"_bbp_total_reply_count":0,"_bbp_voice_count":0,"_bbp_anonymous_reply_count":0,"_bbp_topic_count_hidden":0,"_bbp_reply_count_hidden":0,"_bbp_forum_subforum_count":0,"footnotes":""},"categories":[131,6,7,1],"tags":[],"class_list":["post-2679","post","type-post","status-publish","format-standard","has-post-thumbnail","hentry","category-erasmus","category-eso-3","category-eso-4","category-general"],"post_mailing_queue_ids":[],"_links":{"self":[{"href":"https:\/\/agora.xtec.cat\/iescalgravat\/wp-json\/wp\/v2\/posts\/2679","targetHints":{"allow":["GET"]}}],"collection":[{"href":"https:\/\/agora.xtec.cat\/iescalgravat\/wp-json\/wp\/v2\/posts"}],"about":[{"href":"https:\/\/agora.xtec.cat\/iescalgravat\/wp-json\/wp\/v2\/types\/post"}],"author":[{"embeddable":true,"href":"https:\/\/agora.xtec.cat\/iescalgravat\/wp-json\/wp\/v2\/users\/1"}],"replies":[{"embeddable":true,"href":"https:\/\/agora.xtec.cat\/iescalgravat\/wp-json\/wp\/v2\/comments?post=2679"}],"version-history":[{"count":2,"href":"https:\/\/agora.xtec.cat\/iescalgravat\/wp-json\/wp\/v2\/posts\/2679\/revisions"}],"predecessor-version":[{"id":2683,"href":"https:\/\/agora.xtec.cat\/iescalgravat\/wp-json\/wp\/v2\/posts\/2679\/revisions\/2683"}],"wp:featuredmedia":[{"embeddable":true,"href":"https:\/\/agora.xtec.cat\/iescalgravat\/wp-json\/wp\/v2\/media\/2681"}],"wp:attachment":[{"href":"https:\/\/agora.xtec.cat\/iescalgravat\/wp-json\/wp\/v2\/media?parent=2679"}],"wp:term":[{"taxonomy":"category","embeddable":true,"href":"https:\/\/agora.xtec.cat\/iescalgravat\/wp-json\/wp\/v2\/categories?post=2679"},{"taxonomy":"post_tag","embeddable":true,"href":"https:\/\/agora.xtec.cat\/iescalgravat\/wp-json\/wp\/v2\/tags?post=2679"}],"curies":[{"name":"wp","href":"https:\/\/api.w.org\/{rel}","templated":true}]}}