{"id":2666,"date":"2019-04-27T22:23:25","date_gmt":"2019-04-27T20:23:25","guid":{"rendered":"http:\/\/agora.xtec.cat\/iescalgravat\/?p=2666"},"modified":"2019-06-13T21:03:43","modified_gmt":"2019-06-13T19:03:43","slug":"intercanvi-dalumnat-amb-hamburg-2","status":"publish","type":"post","link":"https:\/\/agora.xtec.cat\/iescalgravat\/general\/intercanvi-dalumnat-amb-hamburg-2\/","title":{"rendered":"INTERCANVI D&#8217;ALUMNAT AMB HAMBURG"},"content":{"rendered":"<h5>Els alumnes de l&#8217;optativa d&#8217;Alemany han pogut gaudir de l&#8217;estada intercanvi amb centre\u00a0Heisenberg Gymnasium d\u2019Hamburg. Del 8 al 12 d\u2019abril han estat, doncs, a Hamburg per con\u00e8ixer el seu centre i el seu pa\u00eds. Un cop arribats la valoraci\u00f3 ha estat molt positiva.<\/h5>\n<table style=\"border-collapse: collapse; width: 100%;\" border=\"1\">\n<tbody>\n<tr>\n<td style=\"width: 33.3333%;\"><a href=\"https:\/\/agora.xtec.cat\/iescalgravat\/wp-content\/uploads\/usu63\/2019\/04\/PHOTO-2019-04-10-11-33-39-2.jpg\"><img loading=\"lazy\" decoding=\"async\" class=\"aligncenter  wp-image-2671\" src=\"https:\/\/agora.xtec.cat\/iescalgravat\/wp-content\/uploads\/usu63\/2019\/04\/PHOTO-2019-04-10-11-33-39-2.jpg\" alt=\"\" width=\"179\" height=\"238\" srcset=\"https:\/\/agora.xtec.cat\/iescalgravat\/wp-content\/uploads\/usu63\/2019\/04\/PHOTO-2019-04-10-11-33-39-2.jpg 1200w, https:\/\/agora.xtec.cat\/iescalgravat\/wp-content\/uploads\/usu63\/2019\/04\/PHOTO-2019-04-10-11-33-39-2-225x300.jpg 225w, https:\/\/agora.xtec.cat\/iescalgravat\/wp-content\/uploads\/usu63\/2019\/04\/PHOTO-2019-04-10-11-33-39-2-768x1024.jpg 768w\" sizes=\"auto, (max-width: 179px) 100vw, 179px\" \/><\/a><\/td>\n<td style=\"width: 33.3333%;\"><a href=\"https:\/\/agora.xtec.cat\/iescalgravat\/wp-content\/uploads\/usu63\/2019\/04\/PHOTO-2019-04-11-23-00-00-3.jpg\"><img loading=\"lazy\" decoding=\"async\" class=\"aligncenter size-full wp-image-2675\" src=\"https:\/\/agora.xtec.cat\/iescalgravat\/wp-content\/uploads\/usu63\/2019\/04\/PHOTO-2019-04-11-23-00-00-3.jpg\" alt=\"\" width=\"1600\" height=\"1200\" srcset=\"https:\/\/agora.xtec.cat\/iescalgravat\/wp-content\/uploads\/usu63\/2019\/04\/PHOTO-2019-04-11-23-00-00-3.jpg 1600w, https:\/\/agora.xtec.cat\/iescalgravat\/wp-content\/uploads\/usu63\/2019\/04\/PHOTO-2019-04-11-23-00-00-3-300x225.jpg 300w, https:\/\/agora.xtec.cat\/iescalgravat\/wp-content\/uploads\/usu63\/2019\/04\/PHOTO-2019-04-11-23-00-00-3-768x576.jpg 768w, https:\/\/agora.xtec.cat\/iescalgravat\/wp-content\/uploads\/usu63\/2019\/04\/PHOTO-2019-04-11-23-00-00-3-1024x768.jpg 1024w, https:\/\/agora.xtec.cat\/iescalgravat\/wp-content\/uploads\/usu63\/2019\/04\/PHOTO-2019-04-11-23-00-00-3-200x150.jpg 200w\" sizes=\"auto, (max-width: 1600px) 100vw, 1600px\" \/><\/a><\/td>\n<td style=\"width: 33.3333%;\"><a href=\"https:\/\/agora.xtec.cat\/iescalgravat\/wp-content\/uploads\/usu63\/2019\/04\/PHOTO-2019-03-19-17-21-04.jpg\"><img loading=\"lazy\" decoding=\"async\" class=\"aligncenter size-full wp-image-2667\" src=\"https:\/\/agora.xtec.cat\/iescalgravat\/wp-content\/uploads\/usu63\/2019\/04\/PHOTO-2019-03-19-17-21-04.jpg\" alt=\"\" width=\"1600\" height=\"1200\" srcset=\"https:\/\/agora.xtec.cat\/iescalgravat\/wp-content\/uploads\/usu63\/2019\/04\/PHOTO-2019-03-19-17-21-04.jpg 1600w, https:\/\/agora.xtec.cat\/iescalgravat\/wp-content\/uploads\/usu63\/2019\/04\/PHOTO-2019-03-19-17-21-04-300x225.jpg 300w, https:\/\/agora.xtec.cat\/iescalgravat\/wp-content\/uploads\/usu63\/2019\/04\/PHOTO-2019-03-19-17-21-04-768x576.jpg 768w, https:\/\/agora.xtec.cat\/iescalgravat\/wp-content\/uploads\/usu63\/2019\/04\/PHOTO-2019-03-19-17-21-04-1024x768.jpg 1024w, https:\/\/agora.xtec.cat\/iescalgravat\/wp-content\/uploads\/usu63\/2019\/04\/PHOTO-2019-03-19-17-21-04-200x150.jpg 200w\" sizes=\"auto, (max-width: 1600px) 100vw, 1600px\" \/><\/a><\/td>\n<\/tr>\n<tr>\n<td style=\"width: 33.3333%;\"><a href=\"https:\/\/agora.xtec.cat\/iescalgravat\/wp-content\/uploads\/usu63\/2019\/04\/PHOTO-2019-04-10-11-33-39.jpg\"><img loading=\"lazy\" decoding=\"async\" class=\"aligncenter  wp-image-2672\" src=\"https:\/\/agora.xtec.cat\/iescalgravat\/wp-content\/uploads\/usu63\/2019\/04\/PHOTO-2019-04-10-11-33-39.jpg\" alt=\"\" width=\"199\" height=\"265\" srcset=\"https:\/\/agora.xtec.cat\/iescalgravat\/wp-content\/uploads\/usu63\/2019\/04\/PHOTO-2019-04-10-11-33-39.jpg 1200w, https:\/\/agora.xtec.cat\/iescalgravat\/wp-content\/uploads\/usu63\/2019\/04\/PHOTO-2019-04-10-11-33-39-225x300.jpg 225w, https:\/\/agora.xtec.cat\/iescalgravat\/wp-content\/uploads\/usu63\/2019\/04\/PHOTO-2019-04-10-11-33-39-768x1024.jpg 768w\" sizes=\"auto, (max-width: 199px) 100vw, 199px\" \/><\/a><\/td>\n<td style=\"width: 33.3333%;\"><a href=\"https:\/\/agora.xtec.cat\/iescalgravat\/wp-content\/uploads\/usu63\/2019\/04\/PHOTO-2019-04-10-11-33-39-1.jpg\"><img loading=\"lazy\" decoding=\"async\" class=\"aligncenter size-full wp-image-2670\" src=\"https:\/\/agora.xtec.cat\/iescalgravat\/wp-content\/uploads\/usu63\/2019\/04\/PHOTO-2019-04-10-11-33-39-1.jpg\" alt=\"\" width=\"1600\" height=\"1200\" srcset=\"https:\/\/agora.xtec.cat\/iescalgravat\/wp-content\/uploads\/usu63\/2019\/04\/PHOTO-2019-04-10-11-33-39-1.jpg 1600w, https:\/\/agora.xtec.cat\/iescalgravat\/wp-content\/uploads\/usu63\/2019\/04\/PHOTO-2019-04-10-11-33-39-1-300x225.jpg 300w, https:\/\/agora.xtec.cat\/iescalgravat\/wp-content\/uploads\/usu63\/2019\/04\/PHOTO-2019-04-10-11-33-39-1-768x576.jpg 768w, https:\/\/agora.xtec.cat\/iescalgravat\/wp-content\/uploads\/usu63\/2019\/04\/PHOTO-2019-04-10-11-33-39-1-1024x768.jpg 1024w, https:\/\/agora.xtec.cat\/iescalgravat\/wp-content\/uploads\/usu63\/2019\/04\/PHOTO-2019-04-10-11-33-39-1-200x150.jpg 200w\" sizes=\"auto, (max-width: 1600px) 100vw, 1600px\" \/><\/a><\/td>\n<td style=\"width: 33.3333%;\"><a href=\"https:\/\/agora.xtec.cat\/iescalgravat\/wp-content\/uploads\/usu63\/2019\/04\/PHOTO-2019-04-08-21-37-28-1.jpg\"><img loading=\"lazy\" decoding=\"async\" class=\"aligncenter size-full wp-image-2668\" src=\"https:\/\/agora.xtec.cat\/iescalgravat\/wp-content\/uploads\/usu63\/2019\/04\/PHOTO-2019-04-08-21-37-28-1.jpg\" alt=\"\" width=\"1024\" height=\"768\" srcset=\"https:\/\/agora.xtec.cat\/iescalgravat\/wp-content\/uploads\/usu63\/2019\/04\/PHOTO-2019-04-08-21-37-28-1.jpg 1024w, https:\/\/agora.xtec.cat\/iescalgravat\/wp-content\/uploads\/usu63\/2019\/04\/PHOTO-2019-04-08-21-37-28-1-300x225.jpg 300w, https:\/\/agora.xtec.cat\/iescalgravat\/wp-content\/uploads\/usu63\/2019\/04\/PHOTO-2019-04-08-21-37-28-1-768x576.jpg 768w, https:\/\/agora.xtec.cat\/iescalgravat\/wp-content\/uploads\/usu63\/2019\/04\/PHOTO-2019-04-08-21-37-28-1-200x150.jpg 200w\" sizes=\"auto, (max-width: 1024px) 100vw, 1024px\" \/><\/a><\/td>\n<\/tr>\n<tr>\n<td style=\"width: 33.3333%;\"><a href=\"https:\/\/agora.xtec.cat\/iescalgravat\/wp-content\/uploads\/usu63\/2019\/04\/PHOTO-2019-04-11-23-00-00-1.jpg\"><img loading=\"lazy\" decoding=\"async\" class=\"aligncenter size-full wp-image-2673\" src=\"https:\/\/agora.xtec.cat\/iescalgravat\/wp-content\/uploads\/usu63\/2019\/04\/PHOTO-2019-04-11-23-00-00-1.jpg\" alt=\"\" width=\"1600\" height=\"1200\" srcset=\"https:\/\/agora.xtec.cat\/iescalgravat\/wp-content\/uploads\/usu63\/2019\/04\/PHOTO-2019-04-11-23-00-00-1.jpg 1600w, https:\/\/agora.xtec.cat\/iescalgravat\/wp-content\/uploads\/usu63\/2019\/04\/PHOTO-2019-04-11-23-00-00-1-300x225.jpg 300w, https:\/\/agora.xtec.cat\/iescalgravat\/wp-content\/uploads\/usu63\/2019\/04\/PHOTO-2019-04-11-23-00-00-1-768x576.jpg 768w, https:\/\/agora.xtec.cat\/iescalgravat\/wp-content\/uploads\/usu63\/2019\/04\/PHOTO-2019-04-11-23-00-00-1-1024x768.jpg 1024w, https:\/\/agora.xtec.cat\/iescalgravat\/wp-content\/uploads\/usu63\/2019\/04\/PHOTO-2019-04-11-23-00-00-1-200x150.jpg 200w\" sizes=\"auto, (max-width: 1600px) 100vw, 1600px\" \/><\/a><\/td>\n<td style=\"width: 33.3333%;\"><a href=\"https:\/\/agora.xtec.cat\/iescalgravat\/wp-content\/uploads\/usu63\/2019\/04\/PHOTO-2019-04-08-21-37-28.jpg\"><img loading=\"lazy\" decoding=\"async\" class=\"aligncenter size-full wp-image-2669\" src=\"https:\/\/agora.xtec.cat\/iescalgravat\/wp-content\/uploads\/usu63\/2019\/04\/PHOTO-2019-04-08-21-37-28.jpg\" alt=\"\" width=\"1024\" height=\"768\" srcset=\"https:\/\/agora.xtec.cat\/iescalgravat\/wp-content\/uploads\/usu63\/2019\/04\/PHOTO-2019-04-08-21-37-28.jpg 1024w, https:\/\/agora.xtec.cat\/iescalgravat\/wp-content\/uploads\/usu63\/2019\/04\/PHOTO-2019-04-08-21-37-28-300x225.jpg 300w, https:\/\/agora.xtec.cat\/iescalgravat\/wp-content\/uploads\/usu63\/2019\/04\/PHOTO-2019-04-08-21-37-28-768x576.jpg 768w, https:\/\/agora.xtec.cat\/iescalgravat\/wp-content\/uploads\/usu63\/2019\/04\/PHOTO-2019-04-08-21-37-28-200x150.jpg 200w\" sizes=\"auto, (max-width: 1024px) 100vw, 1024px\" \/><\/a><\/td>\n<td style=\"width: 33.3333%;\"><a href=\"https:\/\/agora.xtec.cat\/iescalgravat\/wp-content\/uploads\/usu63\/2019\/04\/PHOTO-2019-04-11-23-00-00-2.jpg\"><img loading=\"lazy\" decoding=\"async\" class=\"aligncenter size-full wp-image-2674\" src=\"https:\/\/agora.xtec.cat\/iescalgravat\/wp-content\/uploads\/usu63\/2019\/04\/PHOTO-2019-04-11-23-00-00-2.jpg\" alt=\"\" width=\"1600\" height=\"1200\" srcset=\"https:\/\/agora.xtec.cat\/iescalgravat\/wp-content\/uploads\/usu63\/2019\/04\/PHOTO-2019-04-11-23-00-00-2.jpg 1600w, https:\/\/agora.xtec.cat\/iescalgravat\/wp-content\/uploads\/usu63\/2019\/04\/PHOTO-2019-04-11-23-00-00-2-300x225.jpg 300w, https:\/\/agora.xtec.cat\/iescalgravat\/wp-content\/uploads\/usu63\/2019\/04\/PHOTO-2019-04-11-23-00-00-2-768x576.jpg 768w, https:\/\/agora.xtec.cat\/iescalgravat\/wp-content\/uploads\/usu63\/2019\/04\/PHOTO-2019-04-11-23-00-00-2-1024x768.jpg 1024w, https:\/\/agora.xtec.cat\/iescalgravat\/wp-content\/uploads\/usu63\/2019\/04\/PHOTO-2019-04-11-23-00-00-2-200x150.jpg 200w\" sizes=\"auto, (max-width: 1600px) 100vw, 1600px\" \/><\/a><\/td>\n<\/tr>\n<\/tbody>\n<\/table>\n<p>&nbsp;<\/p>\n","protected":false},"excerpt":{"rendered":"<p>Els alumnes de l&#8217;optativa d&#8217;Alemany han pogut gaudir de l&#8217;estada intercanvi amb centre\u00a0Heisenberg Gymnasium d\u2019Hamburg. Del 8 al 12 d\u2019abril han estat, doncs, a Hamburg per con\u00e8ixer el seu centre i el seu pa\u00eds. Un cop arribats la valoraci\u00f3 ha estat molt positiva.<\/p>\n<p><a href=\"https:\/\/agora.xtec.cat\/iescalgravat\/wp-content\/uploads\/usu63\/2019\/04\/PHOTO-2019-04-10-11-33-39-2.jpg\"><\/a><br \/>\n<a href=\"https:\/\/agora.xtec.cat\/iescalgravat\/wp-content\/uploads\/usu63\/2019\/04\/PHOTO-2019-04-11-23-00-00-3.jpg\"><\/a><br \/>\n<a&hellip;  <a href=\"https:\/\/agora.xtec.cat\/iescalgravat\/general\/intercanvi-dalumnat-amb-hamburg-2\/\" title=\"Read INTERCANVI D&#8217;ALUMNAT AMB HAMBURG\">Llegeix m\u00e9s\u00bb<\/a><\/p>\n","protected":false},"author":1,"featured_media":0,"comment_status":"open","ping_status":"closed","sticky":false,"template":"","format":"standard","meta":{"_bbp_topic_count":0,"_bbp_reply_count":0,"_bbp_total_topic_count":0,"_bbp_total_reply_count":0,"_bbp_voice_count":0,"_bbp_anonymous_reply_count":0,"_bbp_topic_count_hidden":0,"_bbp_reply_count_hidden":0,"_bbp_forum_subforum_count":0,"footnotes":""},"categories":[1],"tags":[],"class_list":["post-2666","post","type-post","status-publish","format-standard","hentry","category-general"],"post_mailing_queue_ids":[],"_links":{"self":[{"href":"https:\/\/agora.xtec.cat\/iescalgravat\/wp-json\/wp\/v2\/posts\/2666","targetHints":{"allow":["GET"]}}],"collection":[{"href":"https:\/\/agora.xtec.cat\/iescalgravat\/wp-json\/wp\/v2\/posts"}],"about":[{"href":"https:\/\/agora.xtec.cat\/iescalgravat\/wp-json\/wp\/v2\/types\/post"}],"author":[{"embeddable":true,"href":"https:\/\/agora.xtec.cat\/iescalgravat\/wp-json\/wp\/v2\/users\/1"}],"replies":[{"embeddable":true,"href":"https:\/\/agora.xtec.cat\/iescalgravat\/wp-json\/wp\/v2\/comments?post=2666"}],"version-history":[{"count":1,"href":"https:\/\/agora.xtec.cat\/iescalgravat\/wp-json\/wp\/v2\/posts\/2666\/revisions"}],"predecessor-version":[{"id":2676,"href":"https:\/\/agora.xtec.cat\/iescalgravat\/wp-json\/wp\/v2\/posts\/2666\/revisions\/2676"}],"wp:attachment":[{"href":"https:\/\/agora.xtec.cat\/iescalgravat\/wp-json\/wp\/v2\/media?parent=2666"}],"wp:term":[{"taxonomy":"category","embeddable":true,"href":"https:\/\/agora.xtec.cat\/iescalgravat\/wp-json\/wp\/v2\/categories?post=2666"},{"taxonomy":"post_tag","embeddable":true,"href":"https:\/\/agora.xtec.cat\/iescalgravat\/wp-json\/wp\/v2\/tags?post=2666"}],"curies":[{"name":"wp","href":"https:\/\/api.w.org\/{rel}","templated":true}]}}