{"id":2576,"date":"2019-04-25T10:15:11","date_gmt":"2019-04-25T08:15:11","guid":{"rendered":"http:\/\/agora.xtec.cat\/iescalgravat\/?p=2576"},"modified":"2019-06-13T21:00:17","modified_gmt":"2019-06-13T19:00:17","slug":"que-es-el-projecte-gep","status":"publish","type":"post","link":"https:\/\/agora.xtec.cat\/iescalgravat\/general\/que-es-el-projecte-gep\/","title":{"rendered":"QU\u00c8 \u00c9S EL PROJECTE GEP?"},"content":{"rendered":"<p style=\"font-weight: 400; text-align: justify;\">L\u2019Institut Cal Gravat participa en el p<strong>rojecte GEP (Grup d\u2019experimentaci\u00f3 per al pluriling\u00fcisme)<\/strong> des del curs 2017\/2018.<\/p>\n<p style=\"font-weight: 400; text-align: justify;\">La finalitat d\u2019aquest programa \u00e9s millorar la compet\u00e8ncia en lleng\u00fces estrangeres de l\u2019alumnat, afavorint el seu creixement acad\u00e8mic i posterior inserci\u00f3 laboral, i capacitant-lo per interactuar amb el m\u00f3n en diverses lleng\u00fces i de manera cr\u00edtica.<\/p>\n<p style=\"font-weight: 400; text-align: justify;\">Les accions del programa GEP s\u2019orienten, d\u2019una banda, a incrementar el temps d\u2019exposici\u00f3 de l\u2019alumnat a les lleng\u00fces estrangeres curriculars i, d\u2019una altra, a acompanyar els centres educatius en el proc\u00e9s de desplegament i consolidaci\u00f3 d\u2019un projecte ling\u00fc\u00edstic pluriling\u00fce propi.<\/p>\n<p style=\"font-weight: 400; text-align: justify;\">Participar en aquest projecte \u00e9s una oportunitat \u00fanica que afavoreix el coneixement i l\u2019\u00fas significatiu de la llengua estrangera anglesa.<\/p>\n<p style=\"font-weight: 400; text-align: justify;\">Per a m\u00e9s informaci\u00f3 consulteu\u00a0<a href=\"http:\/\/educacio.gencat.cat\/portal\/page\/portal\/Educacio\/PCentrePrivat\/PCPInici\/PCPInnovacioPedagogica\/ProgramaGeneracioPlurilingue\" data-saferedirecturl=\"https:\/\/www.google.com\/url?q=http:\/\/educacio.gencat.cat\/portal\/page\/portal\/Educacio\/PCentrePrivat\/PCPInici\/PCPInnovacioPedagogica\/ProgramaGeneracioPlurilingue&amp;source=gmail&amp;ust=1556265384398000&amp;usg=AFQjCNGvvYI2ih6a3sRr4NhuLC62HroGmQ\">l\u2019enlla\u00e7<\/a>\u00a0de la Generalitat de Catalunya sobre el GEP.<\/p>\n","protected":false},"excerpt":{"rendered":"<p>L\u2019Institut Cal Gravat participa en el projecte GEP (Grup d\u2019experimentaci\u00f3 per al pluriling\u00fcisme) des del curs 2017\/2018.<br \/>\nLa finalitat d\u2019aquest programa \u00e9s millorar la compet\u00e8ncia en lleng\u00fces estrangeres de l\u2019alumnat, afavorint el seu creixement acad\u00e8mic i posterior inserci\u00f3 laboral, i capacitant-lo per interactuar amb el m\u00f3n&hellip;  <a href=\"https:\/\/agora.xtec.cat\/iescalgravat\/general\/que-es-el-projecte-gep\/\" title=\"Read QU\u00c8 \u00c9S EL PROJECTE GEP?\">Llegeix m\u00e9s\u00bb<\/a><\/p>\n","protected":false},"author":1,"featured_media":2585,"comment_status":"open","ping_status":"closed","sticky":false,"template":"","format":"standard","meta":{"_bbp_topic_count":0,"_bbp_reply_count":0,"_bbp_total_topic_count":0,"_bbp_total_reply_count":0,"_bbp_voice_count":0,"_bbp_anonymous_reply_count":0,"_bbp_topic_count_hidden":0,"_bbp_reply_count_hidden":0,"_bbp_forum_subforum_count":0,"footnotes":""},"categories":[1,133],"tags":[],"class_list":["post-2576","post","type-post","status-publish","format-standard","has-post-thumbnail","hentry","category-general","category-projecte-gep"],"post_mailing_queue_ids":[],"_links":{"self":[{"href":"https:\/\/agora.xtec.cat\/iescalgravat\/wp-json\/wp\/v2\/posts\/2576","targetHints":{"allow":["GET"]}}],"collection":[{"href":"https:\/\/agora.xtec.cat\/iescalgravat\/wp-json\/wp\/v2\/posts"}],"about":[{"href":"https:\/\/agora.xtec.cat\/iescalgravat\/wp-json\/wp\/v2\/types\/post"}],"author":[{"embeddable":true,"href":"https:\/\/agora.xtec.cat\/iescalgravat\/wp-json\/wp\/v2\/users\/1"}],"replies":[{"embeddable":true,"href":"https:\/\/agora.xtec.cat\/iescalgravat\/wp-json\/wp\/v2\/comments?post=2576"}],"version-history":[{"count":2,"href":"https:\/\/agora.xtec.cat\/iescalgravat\/wp-json\/wp\/v2\/posts\/2576\/revisions"}],"predecessor-version":[{"id":2589,"href":"https:\/\/agora.xtec.cat\/iescalgravat\/wp-json\/wp\/v2\/posts\/2576\/revisions\/2589"}],"wp:featuredmedia":[{"embeddable":true,"href":"https:\/\/agora.xtec.cat\/iescalgravat\/wp-json\/wp\/v2\/media\/2585"}],"wp:attachment":[{"href":"https:\/\/agora.xtec.cat\/iescalgravat\/wp-json\/wp\/v2\/media?parent=2576"}],"wp:term":[{"taxonomy":"category","embeddable":true,"href":"https:\/\/agora.xtec.cat\/iescalgravat\/wp-json\/wp\/v2\/categories?post=2576"},{"taxonomy":"post_tag","embeddable":true,"href":"https:\/\/agora.xtec.cat\/iescalgravat\/wp-json\/wp\/v2\/tags?post=2576"}],"curies":[{"name":"wp","href":"https:\/\/api.w.org\/{rel}","templated":true}]}}