{"id":2565,"date":"2019-04-24T18:04:14","date_gmt":"2019-04-24T16:04:14","guid":{"rendered":"http:\/\/agora.xtec.cat\/iescalgravat\/?p=2565"},"modified":"2019-06-13T21:00:03","modified_gmt":"2019-06-13T19:00:03","slug":"projecte-ensabonem-nos-de-1r-eso","status":"publish","type":"post","link":"https:\/\/agora.xtec.cat\/iescalgravat\/general\/projecte-ensabonem-nos-de-1r-eso\/","title":{"rendered":"PROJECTE ENSABONEM-NOS DE 1r ESO"},"content":{"rendered":"<p>Durant aquesta setmana cultural l&#8217;alumnat de 1r d&#8217;ESO est\u00e0 treballant amb la campanya que porta per nom &#8220;<strong>ENSABONEM-NOS<\/strong>&#8220;. Durant aquests dies l&#8217;alumnat promocionar\u00e0 la campanya realitzant diferents activitats que tenen com a objectiu final la recollida de sabons per entregar-los a fam\u00edlies necessitades a trav\u00e9s d&#8217;una associaci\u00f3 sense \u00e0nim de lucre.<\/p>\n<p>Us demanem la vostra col\u00b7laboraci\u00f3 aportant algun tipus de sab\u00f3 durant aquests dies. <strong>La campanya finalitza el divendres 3 de maig.<\/strong><\/p>\n<p>Moltes gr\u00e0cies anticipadament.<\/p>\n<p>&nbsp;<\/p>\n<table style=\"border-collapse: collapse; width: 100%;\" border=\"1\">\n<tbody>\n<tr>\n<td style=\"width: 20%;\"><a href=\"https:\/\/agora.xtec.cat\/iescalgravat\/wp-content\/uploads\/usu63\/2019\/04\/PHOTO-2019-04-24-17-29-10.jpg\"><img loading=\"lazy\" decoding=\"async\" class=\"aligncenter size-full wp-image-2566\" src=\"https:\/\/agora.xtec.cat\/iescalgravat\/wp-content\/uploads\/usu63\/2019\/04\/PHOTO-2019-04-24-17-29-10.jpg\" alt=\"\" width=\"743\" height=\"1024\" srcset=\"https:\/\/agora.xtec.cat\/iescalgravat\/wp-content\/uploads\/usu63\/2019\/04\/PHOTO-2019-04-24-17-29-10.jpg 743w, https:\/\/agora.xtec.cat\/iescalgravat\/wp-content\/uploads\/usu63\/2019\/04\/PHOTO-2019-04-24-17-29-10-218x300.jpg 218w\" sizes=\"auto, (max-width: 743px) 100vw, 743px\" \/><\/a><\/td>\n<td style=\"width: 20%;\"><a href=\"https:\/\/agora.xtec.cat\/iescalgravat\/wp-content\/uploads\/usu63\/2019\/04\/PHOTO-2019-04-24-17-31-192.jpg\"><img loading=\"lazy\" decoding=\"async\" class=\"aligncenter wp-image-2567\" src=\"https:\/\/agora.xtec.cat\/iescalgravat\/wp-content\/uploads\/usu63\/2019\/04\/PHOTO-2019-04-24-17-31-192.jpg\" alt=\"\" width=\"284\" height=\"212\" srcset=\"https:\/\/agora.xtec.cat\/iescalgravat\/wp-content\/uploads\/usu63\/2019\/04\/PHOTO-2019-04-24-17-31-192.jpg 1599w, https:\/\/agora.xtec.cat\/iescalgravat\/wp-content\/uploads\/usu63\/2019\/04\/PHOTO-2019-04-24-17-31-192-300x225.jpg 300w, https:\/\/agora.xtec.cat\/iescalgravat\/wp-content\/uploads\/usu63\/2019\/04\/PHOTO-2019-04-24-17-31-192-768x576.jpg 768w, https:\/\/agora.xtec.cat\/iescalgravat\/wp-content\/uploads\/usu63\/2019\/04\/PHOTO-2019-04-24-17-31-192-1024x768.jpg 1024w, https:\/\/agora.xtec.cat\/iescalgravat\/wp-content\/uploads\/usu63\/2019\/04\/PHOTO-2019-04-24-17-31-192-200x150.jpg 200w\" sizes=\"auto, (max-width: 284px) 100vw, 284px\" \/><\/a><\/td>\n<td style=\"width: 20%;\"><a href=\"https:\/\/agora.xtec.cat\/iescalgravat\/wp-content\/uploads\/usu63\/2019\/04\/PHOTO-2019-04-24-17-32-44.jpg\"><img loading=\"lazy\" decoding=\"async\" class=\"aligncenter size-full wp-image-2568\" src=\"https:\/\/agora.xtec.cat\/iescalgravat\/wp-content\/uploads\/usu63\/2019\/04\/PHOTO-2019-04-24-17-32-44.jpg\" alt=\"\" width=\"1024\" height=\"768\" srcset=\"https:\/\/agora.xtec.cat\/iescalgravat\/wp-content\/uploads\/usu63\/2019\/04\/PHOTO-2019-04-24-17-32-44.jpg 1024w, https:\/\/agora.xtec.cat\/iescalgravat\/wp-content\/uploads\/usu63\/2019\/04\/PHOTO-2019-04-24-17-32-44-300x225.jpg 300w, https:\/\/agora.xtec.cat\/iescalgravat\/wp-content\/uploads\/usu63\/2019\/04\/PHOTO-2019-04-24-17-32-44-768x576.jpg 768w, https:\/\/agora.xtec.cat\/iescalgravat\/wp-content\/uploads\/usu63\/2019\/04\/PHOTO-2019-04-24-17-32-44-200x150.jpg 200w\" sizes=\"auto, (max-width: 1024px) 100vw, 1024px\" \/><\/a><\/td>\n<td style=\"width: 20%;\"><a href=\"https:\/\/agora.xtec.cat\/iescalgravat\/wp-content\/uploads\/usu63\/2019\/04\/PHOTO-2019-04-24-17-31-191.jpg\"><img loading=\"lazy\" decoding=\"async\" class=\"aligncenter size-full wp-image-2569\" src=\"https:\/\/agora.xtec.cat\/iescalgravat\/wp-content\/uploads\/usu63\/2019\/04\/PHOTO-2019-04-24-17-31-191.jpg\" alt=\"\" width=\"1200\" height=\"1600\" srcset=\"https:\/\/agora.xtec.cat\/iescalgravat\/wp-content\/uploads\/usu63\/2019\/04\/PHOTO-2019-04-24-17-31-191.jpg 1200w, https:\/\/agora.xtec.cat\/iescalgravat\/wp-content\/uploads\/usu63\/2019\/04\/PHOTO-2019-04-24-17-31-191-225x300.jpg 225w, https:\/\/agora.xtec.cat\/iescalgravat\/wp-content\/uploads\/usu63\/2019\/04\/PHOTO-2019-04-24-17-31-191-768x1024.jpg 768w\" sizes=\"auto, (max-width: 1200px) 100vw, 1200px\" \/><\/a><\/td>\n<td style=\"width: 20%;\"><a href=\"https:\/\/agora.xtec.cat\/iescalgravat\/wp-content\/uploads\/usu63\/2019\/04\/PHOTO-2019-04-24-17-31-17.jpg\"><img loading=\"lazy\" decoding=\"async\" class=\"aligncenter size-full wp-image-2570\" src=\"https:\/\/agora.xtec.cat\/iescalgravat\/wp-content\/uploads\/usu63\/2019\/04\/PHOTO-2019-04-24-17-31-17.jpg\" alt=\"\" width=\"1200\" height=\"1600\" srcset=\"https:\/\/agora.xtec.cat\/iescalgravat\/wp-content\/uploads\/usu63\/2019\/04\/PHOTO-2019-04-24-17-31-17.jpg 1200w, https:\/\/agora.xtec.cat\/iescalgravat\/wp-content\/uploads\/usu63\/2019\/04\/PHOTO-2019-04-24-17-31-17-225x300.jpg 225w, https:\/\/agora.xtec.cat\/iescalgravat\/wp-content\/uploads\/usu63\/2019\/04\/PHOTO-2019-04-24-17-31-17-768x1024.jpg 768w\" sizes=\"auto, (max-width: 1200px) 100vw, 1200px\" \/><\/a><\/td>\n<\/tr>\n<\/tbody>\n<\/table>\n<p>&nbsp;<\/p>\n","protected":false},"excerpt":{"rendered":"<p>Durant aquesta setmana cultural l&#8217;alumnat de 1r d&#8217;ESO est\u00e0 treballant amb la campanya que porta per nom &#8220;ENSABONEM-NOS&#8220;. Durant aquests dies l&#8217;alumnat promocionar\u00e0 la campanya realitzant diferents activitats que tenen com a objectiu final la recollida de sabons per entregar-los a fam\u00edlies necessitades a trav\u00e9s&hellip;  <a href=\"https:\/\/agora.xtec.cat\/iescalgravat\/general\/projecte-ensabonem-nos-de-1r-eso\/\" title=\"Read PROJECTE ENSABONEM-NOS DE 1r ESO\">Llegeix m\u00e9s\u00bb<\/a><\/p>\n","protected":false},"author":1,"featured_media":2566,"comment_status":"open","ping_status":"closed","sticky":false,"template":"","format":"standard","meta":{"_bbp_topic_count":0,"_bbp_reply_count":0,"_bbp_total_topic_count":0,"_bbp_total_reply_count":0,"_bbp_voice_count":0,"_bbp_anonymous_reply_count":0,"_bbp_topic_count_hidden":0,"_bbp_reply_count_hidden":0,"_bbp_forum_subforum_count":0,"footnotes":""},"categories":[3,4,1],"tags":[],"class_list":["post-2565","post","type-post","status-publish","format-standard","has-post-thumbnail","hentry","category-eso","category-eso-1","category-general"],"post_mailing_queue_ids":[],"_links":{"self":[{"href":"https:\/\/agora.xtec.cat\/iescalgravat\/wp-json\/wp\/v2\/posts\/2565","targetHints":{"allow":["GET"]}}],"collection":[{"href":"https:\/\/agora.xtec.cat\/iescalgravat\/wp-json\/wp\/v2\/posts"}],"about":[{"href":"https:\/\/agora.xtec.cat\/iescalgravat\/wp-json\/wp\/v2\/types\/post"}],"author":[{"embeddable":true,"href":"https:\/\/agora.xtec.cat\/iescalgravat\/wp-json\/wp\/v2\/users\/1"}],"replies":[{"embeddable":true,"href":"https:\/\/agora.xtec.cat\/iescalgravat\/wp-json\/wp\/v2\/comments?post=2565"}],"version-history":[{"count":2,"href":"https:\/\/agora.xtec.cat\/iescalgravat\/wp-json\/wp\/v2\/posts\/2565\/revisions"}],"predecessor-version":[{"id":2590,"href":"https:\/\/agora.xtec.cat\/iescalgravat\/wp-json\/wp\/v2\/posts\/2565\/revisions\/2590"}],"wp:featuredmedia":[{"embeddable":true,"href":"https:\/\/agora.xtec.cat\/iescalgravat\/wp-json\/wp\/v2\/media\/2566"}],"wp:attachment":[{"href":"https:\/\/agora.xtec.cat\/iescalgravat\/wp-json\/wp\/v2\/media?parent=2565"}],"wp:term":[{"taxonomy":"category","embeddable":true,"href":"https:\/\/agora.xtec.cat\/iescalgravat\/wp-json\/wp\/v2\/categories?post=2565"},{"taxonomy":"post_tag","embeddable":true,"href":"https:\/\/agora.xtec.cat\/iescalgravat\/wp-json\/wp\/v2\/tags?post=2565"}],"curies":[{"name":"wp","href":"https:\/\/api.w.org\/{rel}","templated":true}]}}