{"id":2466,"date":"2019-03-28T13:17:57","date_gmt":"2019-03-28T12:17:57","guid":{"rendered":"http:\/\/agora.xtec.cat\/iescalgravat\/?p=2466"},"modified":"2019-06-13T21:02:05","modified_gmt":"2019-06-13T19:02:05","slug":"descobrint-el-patrimoni-artistic-del-solsones","status":"publish","type":"post","link":"https:\/\/agora.xtec.cat\/iescalgravat\/general\/descobrint-el-patrimoni-artistic-del-solsones\/","title":{"rendered":"DESCOBRINT EL PATRIMONI ART\u00cdSTIC DEL SOLSON\u00c8S"},"content":{"rendered":"<p style=\"text-align: justify;\">El passat dimarts 26 de mar\u00e7, els estudiants d\u2019Hist\u00f2ria de l\u2019art de 4t d\u2019ESO van realitzar una sortida al Solson\u00e8s per tal de descobrir el patrimoni art\u00edstic de la comarca.<\/p>\n<p style=\"text-align: justify;\">Una trentena d\u2019alumnes del centre educatiu van traslladar-se a primera hora del mat\u00ed a l\u2019esgl\u00e9sia de Sant Esteve d\u2019Olius, on van poder visitar el temple rom\u00e0nic del municipi, estudiar els elements constructius d\u2019aquest estil medieval i contemplar la seva preciosa cripta. Tamb\u00e9 van visualitzar un documental on es contextualitzava el llegat art\u00edstic i monumental d\u2019aquest terme municipal. En acabat, van visitar el cementiri modernista adjacent, obra de l\u2019arquitecte Bernard\u00ed Martorell, actiu al Solson\u00e8s a principis del passat segle.<\/p>\n<p style=\"text-align: justify;\">Despr\u00e9s, els joves manresans van despla\u00e7ar-se fins a Solsona, on van visitar la catedral g\u00f2tica de la ciutat, descobrint alguns dels tresors art\u00edstics que atresora, com la bella talla de la Mare de D\u00e9u del Claustre, els vestigis rom\u00e0nics de l\u2019edifici, l\u2019espl\u00e8ndid retaule barroc dedicat a la Mare de D\u00e9u de la Merc\u00e8 o el monumental orgue de m\u00e9s de tres-mil tubs del segle XIX. En acaba la visita de l\u2019esgl\u00e9sia, els estudiants van realitzar un taller d\u2019interpretaci\u00f3 de simbologia rom\u00e0nica al Museu Dioces\u00e0 i Comarcal de Solsona, ubicat a les depend\u00e8ncies del Palau episcopal.<\/p>\n<p style=\"text-align: justify;\">Ja al migdia, els joves van haver de realitzar una gimcana art\u00edstica pel casc antic del municipi, on van haver de descobrir diferents espais, construccions i elements emblem\u00e0tics del municipi, com ara els s\u00edmbols her\u00e0ldics de portals i fa\u00e7anes, les fonts g\u00f2tiques, les cases natals d\u2019artistes, les escultures dels caps de biga o la imatgeria folkl\u00f2rica, entre d\u2019altres.<\/p>\n<p style=\"text-align: justify;\">A la tarda, la visita va seguir al Santuari del Miracle, on els estudiants van poder analitzar el monumental retaule barroc de l\u2019esgl\u00e9sia de Santa Maria, aix\u00ed com tamb\u00e9 l\u2019excepcional retaule menor del g\u00f2tic tard\u00e0. Despr\u00e9s de veure el tram inacabat dels peus del temple, els alumnes van reprendre el cam\u00ed de tornada cap al Bages havent gaudit d\u2019una intensa experi\u00e8ncia art\u00edstica.<\/p>\n<table style=\"border-collapse: collapse; width: 100%;\" border=\"1\">\n<tbody>\n<tr>\n<td style=\"width: 33.3333%;\"><a href=\"https:\/\/agora.xtec.cat\/iescalgravat\/wp-content\/uploads\/usu63\/2019\/03\/PHOTO-2019-03-26-18-32-26.jpg\"><img loading=\"lazy\" decoding=\"async\" class=\"aligncenter wp-image-2482\" src=\"https:\/\/agora.xtec.cat\/iescalgravat\/wp-content\/uploads\/usu63\/2019\/03\/PHOTO-2019-03-26-18-32-26.jpg\" alt=\"\" width=\"411\" height=\"308\" srcset=\"https:\/\/agora.xtec.cat\/iescalgravat\/wp-content\/uploads\/usu63\/2019\/03\/PHOTO-2019-03-26-18-32-26.jpg 1600w, https:\/\/agora.xtec.cat\/iescalgravat\/wp-content\/uploads\/usu63\/2019\/03\/PHOTO-2019-03-26-18-32-26-300x225.jpg 300w, https:\/\/agora.xtec.cat\/iescalgravat\/wp-content\/uploads\/usu63\/2019\/03\/PHOTO-2019-03-26-18-32-26-768x576.jpg 768w, https:\/\/agora.xtec.cat\/iescalgravat\/wp-content\/uploads\/usu63\/2019\/03\/PHOTO-2019-03-26-18-32-26-1024x768.jpg 1024w, https:\/\/agora.xtec.cat\/iescalgravat\/wp-content\/uploads\/usu63\/2019\/03\/PHOTO-2019-03-26-18-32-26-200x150.jpg 200w\" sizes=\"auto, (max-width: 411px) 100vw, 411px\" \/><\/a><\/td>\n<td style=\"width: 33.3333%;\"><a href=\"https:\/\/agora.xtec.cat\/iescalgravat\/wp-content\/uploads\/usu63\/2019\/03\/PHOTO-2019-03-26-19-55-52.jpg\"><img loading=\"lazy\" decoding=\"async\" class=\"aligncenter wp-image-2481\" src=\"https:\/\/agora.xtec.cat\/iescalgravat\/wp-content\/uploads\/usu63\/2019\/03\/PHOTO-2019-03-26-19-55-52.jpg\" alt=\"\" width=\"309\" height=\"411\" srcset=\"https:\/\/agora.xtec.cat\/iescalgravat\/wp-content\/uploads\/usu63\/2019\/03\/PHOTO-2019-03-26-19-55-52.jpg 1200w, https:\/\/agora.xtec.cat\/iescalgravat\/wp-content\/uploads\/usu63\/2019\/03\/PHOTO-2019-03-26-19-55-52-225x300.jpg 225w, https:\/\/agora.xtec.cat\/iescalgravat\/wp-content\/uploads\/usu63\/2019\/03\/PHOTO-2019-03-26-19-55-52-768x1024.jpg 768w\" sizes=\"auto, (max-width: 309px) 100vw, 309px\" \/><\/a><\/td>\n<td style=\"width: 33.3333%;\"><a href=\"https:\/\/agora.xtec.cat\/iescalgravat\/wp-content\/uploads\/usu63\/2019\/03\/PHOTO-2019-03-26-19-55-53.jpg\"><img loading=\"lazy\" decoding=\"async\" class=\"aligncenter wp-image-2480\" src=\"https:\/\/agora.xtec.cat\/iescalgravat\/wp-content\/uploads\/usu63\/2019\/03\/PHOTO-2019-03-26-19-55-53.jpg\" alt=\"\" width=\"425\" height=\"319\" srcset=\"https:\/\/agora.xtec.cat\/iescalgravat\/wp-content\/uploads\/usu63\/2019\/03\/PHOTO-2019-03-26-19-55-53.jpg 1600w, https:\/\/agora.xtec.cat\/iescalgravat\/wp-content\/uploads\/usu63\/2019\/03\/PHOTO-2019-03-26-19-55-53-300x225.jpg 300w, https:\/\/agora.xtec.cat\/iescalgravat\/wp-content\/uploads\/usu63\/2019\/03\/PHOTO-2019-03-26-19-55-53-768x576.jpg 768w, https:\/\/agora.xtec.cat\/iescalgravat\/wp-content\/uploads\/usu63\/2019\/03\/PHOTO-2019-03-26-19-55-53-1024x768.jpg 1024w, https:\/\/agora.xtec.cat\/iescalgravat\/wp-content\/uploads\/usu63\/2019\/03\/PHOTO-2019-03-26-19-55-53-200x150.jpg 200w\" sizes=\"auto, (max-width: 425px) 100vw, 425px\" \/><\/a><\/td>\n<\/tr>\n<\/tbody>\n<\/table>\n","protected":false},"excerpt":{"rendered":"<p>El passat dimarts 26 de mar\u00e7, els estudiants d\u2019Hist\u00f2ria de l\u2019art de 4t d\u2019ESO van realitzar una sortida al Solson\u00e8s per tal de descobrir el patrimoni art\u00edstic de la comarca.<br \/>\nUna trentena d\u2019alumnes del centre educatiu van traslladar-se a primera hora del mat\u00ed a l\u2019esgl\u00e9sia de&hellip;  <a href=\"https:\/\/agora.xtec.cat\/iescalgravat\/general\/descobrint-el-patrimoni-artistic-del-solsones\/\" title=\"Read DESCOBRINT EL PATRIMONI ART\u00cdSTIC DEL SOLSON\u00c8S\">Llegeix m\u00e9s\u00bb<\/a><\/p>\n","protected":false},"author":1,"featured_media":2481,"comment_status":"open","ping_status":"closed","sticky":false,"template":"","format":"standard","meta":{"_bbp_topic_count":0,"_bbp_reply_count":0,"_bbp_total_topic_count":0,"_bbp_total_reply_count":0,"_bbp_voice_count":0,"_bbp_anonymous_reply_count":0,"_bbp_topic_count_hidden":0,"_bbp_reply_count_hidden":0,"_bbp_forum_subforum_count":0,"footnotes":""},"categories":[3,7,1],"tags":[],"class_list":["post-2466","post","type-post","status-publish","format-standard","has-post-thumbnail","hentry","category-eso","category-eso-4","category-general"],"post_mailing_queue_ids":[],"_links":{"self":[{"href":"https:\/\/agora.xtec.cat\/iescalgravat\/wp-json\/wp\/v2\/posts\/2466","targetHints":{"allow":["GET"]}}],"collection":[{"href":"https:\/\/agora.xtec.cat\/iescalgravat\/wp-json\/wp\/v2\/posts"}],"about":[{"href":"https:\/\/agora.xtec.cat\/iescalgravat\/wp-json\/wp\/v2\/types\/post"}],"author":[{"embeddable":true,"href":"https:\/\/agora.xtec.cat\/iescalgravat\/wp-json\/wp\/v2\/users\/1"}],"replies":[{"embeddable":true,"href":"https:\/\/agora.xtec.cat\/iescalgravat\/wp-json\/wp\/v2\/comments?post=2466"}],"version-history":[{"count":3,"href":"https:\/\/agora.xtec.cat\/iescalgravat\/wp-json\/wp\/v2\/posts\/2466\/revisions"}],"predecessor-version":[{"id":2485,"href":"https:\/\/agora.xtec.cat\/iescalgravat\/wp-json\/wp\/v2\/posts\/2466\/revisions\/2485"}],"wp:featuredmedia":[{"embeddable":true,"href":"https:\/\/agora.xtec.cat\/iescalgravat\/wp-json\/wp\/v2\/media\/2481"}],"wp:attachment":[{"href":"https:\/\/agora.xtec.cat\/iescalgravat\/wp-json\/wp\/v2\/media?parent=2466"}],"wp:term":[{"taxonomy":"category","embeddable":true,"href":"https:\/\/agora.xtec.cat\/iescalgravat\/wp-json\/wp\/v2\/categories?post=2466"},{"taxonomy":"post_tag","embeddable":true,"href":"https:\/\/agora.xtec.cat\/iescalgravat\/wp-json\/wp\/v2\/tags?post=2466"}],"curies":[{"name":"wp","href":"https:\/\/api.w.org\/{rel}","templated":true}]}}