{"id":2308,"date":"2019-01-25T19:11:52","date_gmt":"2019-01-25T18:11:52","guid":{"rendered":"http:\/\/agora.xtec.cat\/iescalgravat\/?p=2308"},"modified":"2019-04-12T08:47:57","modified_gmt":"2019-04-12T06:47:57","slug":"ruta-gotica-de-manresa","status":"publish","type":"post","link":"https:\/\/agora.xtec.cat\/iescalgravat\/general\/ruta-gotica-de-manresa\/","title":{"rendered":"RUTA G\u00d2TICA DE MANRESA"},"content":{"rendered":"<p style=\"text-align: justify;\">Els alumnes de\u00a0l\u2019assignatura de Hist\u00f2ria de l\u2019art van realitzar, el passat dia 24 de gener, una sortida al casc antic de Manresa a fi de con\u00e8ixer alguns dels edificis i monuments g\u00f2tics de la ciutat.<\/p>\n<p style=\"text-align: justify;\">De cam\u00ed a la Seu de Manresa des de Cal Gravat, van aturar-se a contemplar dues antigues creus de terme d\u2019origen g\u00f2tic, la Creu de la Culla i la Creu del Tort, aquesta darrera vinculada tamb\u00e9 amb el passat ignasi\u00e0 de la ciutat. Abans d\u2019arribar al temple de la Seu, els alumnes van fer una aturada a la Santa Cova, un dels m\u00e0xims exponents del barroc catal\u00e0, on van aprofitar tamb\u00e9 per con\u00e8ixer quatre pinzellades sobre Sant Ignasi de Loiola, alhora que van poder gaudir d\u2019una espl\u00e8ndida vista del tur\u00f3 del Puigcardener i la bas\u00edlica de la Seu.<\/p>\n<p style=\"text-align: justify;\">Un cop arribats al temple g\u00f2tic, els alumnes van visitar l\u2019interior del temple, on van poder recon\u00e8ixer els principals trets i elements constructius d\u2019aquest estil. A banda de l\u2019arquitectura, tamb\u00e9 van analitzar les diferents escenes del magn\u00edfic retaule g\u00f2tic del Sant Esperit de Pere Serra. A l\u2019exterior, a banda d\u2019observar els elements de suport de l\u2019edifici, van poder identificar m\u00e9s d\u2019una desena de marques dels picapedrers als carreus de l\u2019edifici, aix\u00ed com tamb\u00e9 contemplar els vestigis del claustre i una finestra de l\u2019anterior temple rom\u00e0nic.<\/p>\n<p style=\"text-align: justify;\">En acabada la visita del temple g\u00f2tic manres\u00e0, els estudiants van fer una passejada pels carrers g\u00f2tics del casc antic abans de retornar a l\u2019Institut.<\/p>\n<p><a href=\"https:\/\/agora.xtec.cat\/iescalgravat\/wp-content\/uploads\/usu63\/2019\/01\/art.jpg\"><img loading=\"lazy\" decoding=\"async\" class=\"aligncenter wp-image-2310 size-large\" src=\"https:\/\/agora.xtec.cat\/iescalgravat\/wp-content\/uploads\/usu63\/2019\/01\/art-1024x768.jpg\" alt=\"\" width=\"1024\" height=\"768\" srcset=\"https:\/\/agora.xtec.cat\/iescalgravat\/wp-content\/uploads\/usu63\/2019\/01\/art-1024x768.jpg 1024w, https:\/\/agora.xtec.cat\/iescalgravat\/wp-content\/uploads\/usu63\/2019\/01\/art-300x225.jpg 300w, https:\/\/agora.xtec.cat\/iescalgravat\/wp-content\/uploads\/usu63\/2019\/01\/art-768x576.jpg 768w, https:\/\/agora.xtec.cat\/iescalgravat\/wp-content\/uploads\/usu63\/2019\/01\/art-200x150.jpg 200w, https:\/\/agora.xtec.cat\/iescalgravat\/wp-content\/uploads\/usu63\/2019\/01\/art.jpg 1600w\" sizes=\"auto, (max-width: 1024px) 100vw, 1024px\" \/><\/a><\/p>\n","protected":false},"excerpt":{"rendered":"<p>Els alumnes de\u00a0l\u2019assignatura de Hist\u00f2ria de l\u2019art van realitzar, el passat dia 24 de gener, una sortida al casc antic de Manresa a fi de con\u00e8ixer alguns dels edificis i monuments g\u00f2tics de la ciutat.<br \/>\nDe cam\u00ed a la Seu de Manresa des de Cal Gravat,&hellip;  <a href=\"https:\/\/agora.xtec.cat\/iescalgravat\/general\/ruta-gotica-de-manresa\/\" title=\"Read RUTA G\u00d2TICA DE MANRESA\">Llegeix m\u00e9s\u00bb<\/a><\/p>\n","protected":false},"author":1,"featured_media":2310,"comment_status":"open","ping_status":"closed","sticky":false,"template":"","format":"standard","meta":{"_bbp_topic_count":0,"_bbp_reply_count":0,"_bbp_total_topic_count":0,"_bbp_total_reply_count":0,"_bbp_voice_count":0,"_bbp_anonymous_reply_count":0,"_bbp_topic_count_hidden":0,"_bbp_reply_count_hidden":0,"_bbp_forum_subforum_count":0,"footnotes":""},"categories":[3,1],"tags":[],"class_list":["post-2308","post","type-post","status-publish","format-standard","has-post-thumbnail","hentry","category-eso","category-general"],"post_mailing_queue_ids":[],"_links":{"self":[{"href":"https:\/\/agora.xtec.cat\/iescalgravat\/wp-json\/wp\/v2\/posts\/2308","targetHints":{"allow":["GET"]}}],"collection":[{"href":"https:\/\/agora.xtec.cat\/iescalgravat\/wp-json\/wp\/v2\/posts"}],"about":[{"href":"https:\/\/agora.xtec.cat\/iescalgravat\/wp-json\/wp\/v2\/types\/post"}],"author":[{"embeddable":true,"href":"https:\/\/agora.xtec.cat\/iescalgravat\/wp-json\/wp\/v2\/users\/1"}],"replies":[{"embeddable":true,"href":"https:\/\/agora.xtec.cat\/iescalgravat\/wp-json\/wp\/v2\/comments?post=2308"}],"version-history":[{"count":3,"href":"https:\/\/agora.xtec.cat\/iescalgravat\/wp-json\/wp\/v2\/posts\/2308\/revisions"}],"predecessor-version":[{"id":2312,"href":"https:\/\/agora.xtec.cat\/iescalgravat\/wp-json\/wp\/v2\/posts\/2308\/revisions\/2312"}],"wp:featuredmedia":[{"embeddable":true,"href":"https:\/\/agora.xtec.cat\/iescalgravat\/wp-json\/wp\/v2\/media\/2310"}],"wp:attachment":[{"href":"https:\/\/agora.xtec.cat\/iescalgravat\/wp-json\/wp\/v2\/media?parent=2308"}],"wp:term":[{"taxonomy":"category","embeddable":true,"href":"https:\/\/agora.xtec.cat\/iescalgravat\/wp-json\/wp\/v2\/categories?post=2308"},{"taxonomy":"post_tag","embeddable":true,"href":"https:\/\/agora.xtec.cat\/iescalgravat\/wp-json\/wp\/v2\/tags?post=2308"}],"curies":[{"name":"wp","href":"https:\/\/api.w.org\/{rel}","templated":true}]}}