{"id":2302,"date":"2019-01-24T18:42:41","date_gmt":"2019-01-24T17:42:41","guid":{"rendered":"http:\/\/agora.xtec.cat\/iescalgravat\/?p=2302"},"modified":"2019-04-12T08:48:07","modified_gmt":"2019-04-12T06:48:07","slug":"3rs-classificats-en-la-vi-copa-cangur","status":"publish","type":"post","link":"https:\/\/agora.xtec.cat\/iescalgravat\/general\/3rs-classificats-en-la-vi-copa-cangur\/","title":{"rendered":"3r\u00b4s CLASSIFICATS  EN LA VI COPA CANGUR"},"content":{"rendered":"<p style=\"text-align: justify;\">Avui dijous 24 de gener la <strong>Mariona Miralda, Laila Mateo i Sabrina Ruiz<\/strong> (3r ESO) i <strong>Marcel Morales, Martina Soler, Guillem Sellar\u00e8s i Bruna Gim\u00e9nez<\/strong> (2n ESO) han pogut participar a la <strong>VI Copa Cangur<\/strong> que organitza l&#8217;Escola Polit\u00e8cnica Superior d&#8217;Enginyeria de la UPC de Manresa-UPC-BarcelonaTech (UPC).<\/p>\n<p style=\"text-align: justify;\">Un total de 30 equips, amb m\u00e9s de 200 alumnes de secund\u00e0ria, procedents de les comarques del Bages, del Bergued\u00e0 i d&#8217;Osona, aix\u00ed com d&#8217;Andorra la Vella, han participat a les proves que s&#8217;han desenvolupat durant dos torns: a les 10 i a les 12 h. Els equips eren format per set alumnes i cada equip disposava de 60 minuts per resoldre 12 problemes. Els grups competeixen entre ells contra rellotge i amb gran pressi\u00f3, ja que la puntuaci\u00f3 per a cada problema resolt es va modificant segons es desenvolupa el concurs. Aquest disseny del concurs el fa molt emocionant i provoca que l&#8217;alumnat participant estableixi estrat\u00e8gies de joc i que pensi i debati amb profunditat els problemes resolts.<\/p>\n<p>Estem <strong>molt satisfets<\/strong> que l&#8217;esfor\u00e7, la implicaci\u00f3 i les ganes puguin ser recompensats d&#8217;aquesta forma!!!<\/p>\n\n\t\t<style type=\"text\/css\">\n\t\t\t#gallery-1 {\n\t\t\t\tmargin: auto;\n\t\t\t}\n\t\t\t#gallery-1 .gallery-item {\n\t\t\t\tfloat: left;\n\t\t\t\tmargin-top: 10px;\n\t\t\t\ttext-align: center;\n\t\t\t\twidth: 33%;\n\t\t\t}\n\t\t\t#gallery-1 img {\n\t\t\t\tborder: 2px solid #cfcfcf;\n\t\t\t}\n\t\t\t#gallery-1 .gallery-caption {\n\t\t\t\tmargin-left: 0;\n\t\t\t}\n\t\t\t\/* see gallery_shortcode() in wp-includes\/media.php *\/\n\t\t<\/style>\n\t\t<div id='gallery-1' class='gallery galleryid-2302 gallery-columns-3 gallery-size-large'><dl class='gallery-item'>\n\t\t\t<dt class='gallery-icon landscape'>\n\t\t\t\t<a href='https:\/\/agora.xtec.cat\/iescalgravat\/general\/3rs-classificats-en-la-vi-copa-cangur\/attachment\/photo-2019-01-24-14-58-24\/'><img loading=\"lazy\" decoding=\"async\" width=\"1024\" height=\"768\" src=\"https:\/\/agora.xtec.cat\/iescalgravat\/wp-content\/uploads\/usu63\/2019\/01\/PHOTO-2019-01-24-14-58-24-1024x768.jpg\" class=\"attachment-large size-large\" alt=\"\" srcset=\"https:\/\/agora.xtec.cat\/iescalgravat\/wp-content\/uploads\/usu63\/2019\/01\/PHOTO-2019-01-24-14-58-24-1024x768.jpg 1024w, https:\/\/agora.xtec.cat\/iescalgravat\/wp-content\/uploads\/usu63\/2019\/01\/PHOTO-2019-01-24-14-58-24-300x225.jpg 300w, https:\/\/agora.xtec.cat\/iescalgravat\/wp-content\/uploads\/usu63\/2019\/01\/PHOTO-2019-01-24-14-58-24-768x576.jpg 768w, https:\/\/agora.xtec.cat\/iescalgravat\/wp-content\/uploads\/usu63\/2019\/01\/PHOTO-2019-01-24-14-58-24-200x150.jpg 200w, https:\/\/agora.xtec.cat\/iescalgravat\/wp-content\/uploads\/usu63\/2019\/01\/PHOTO-2019-01-24-14-58-24.jpg 1600w\" sizes=\"auto, (max-width: 1024px) 100vw, 1024px\" \/><\/a>\n\t\t\t<\/dt><\/dl><dl class='gallery-item'>\n\t\t\t<dt class='gallery-icon landscape'>\n\t\t\t\t<a href='https:\/\/agora.xtec.cat\/iescalgravat\/general\/3rs-classificats-en-la-vi-copa-cangur\/attachment\/photo-2019-01-24-14-57-56\/'><img loading=\"lazy\" decoding=\"async\" width=\"1024\" height=\"768\" src=\"https:\/\/agora.xtec.cat\/iescalgravat\/wp-content\/uploads\/usu63\/2019\/01\/PHOTO-2019-01-24-14-57-56-1024x768.jpg\" class=\"attachment-large size-large\" alt=\"\" srcset=\"https:\/\/agora.xtec.cat\/iescalgravat\/wp-content\/uploads\/usu63\/2019\/01\/PHOTO-2019-01-24-14-57-56-1024x768.jpg 1024w, https:\/\/agora.xtec.cat\/iescalgravat\/wp-content\/uploads\/usu63\/2019\/01\/PHOTO-2019-01-24-14-57-56-300x225.jpg 300w, https:\/\/agora.xtec.cat\/iescalgravat\/wp-content\/uploads\/usu63\/2019\/01\/PHOTO-2019-01-24-14-57-56-768x576.jpg 768w, https:\/\/agora.xtec.cat\/iescalgravat\/wp-content\/uploads\/usu63\/2019\/01\/PHOTO-2019-01-24-14-57-56-200x150.jpg 200w, https:\/\/agora.xtec.cat\/iescalgravat\/wp-content\/uploads\/usu63\/2019\/01\/PHOTO-2019-01-24-14-57-56.jpg 1600w\" sizes=\"auto, (max-width: 1024px) 100vw, 1024px\" \/><\/a>\n\t\t\t<\/dt><\/dl><dl class='gallery-item'>\n\t\t\t<dt class='gallery-icon landscape'>\n\t\t\t\t<a href='https:\/\/agora.xtec.cat\/iescalgravat\/general\/3rs-classificats-en-la-vi-copa-cangur\/attachment\/photo-2019-01-24-14-58-13\/'><img loading=\"lazy\" decoding=\"async\" width=\"1024\" height=\"768\" src=\"https:\/\/agora.xtec.cat\/iescalgravat\/wp-content\/uploads\/usu63\/2019\/01\/PHOTO-2019-01-24-14-58-13-1024x768.jpg\" class=\"attachment-large size-large\" alt=\"\" srcset=\"https:\/\/agora.xtec.cat\/iescalgravat\/wp-content\/uploads\/usu63\/2019\/01\/PHOTO-2019-01-24-14-58-13-1024x768.jpg 1024w, https:\/\/agora.xtec.cat\/iescalgravat\/wp-content\/uploads\/usu63\/2019\/01\/PHOTO-2019-01-24-14-58-13-300x225.jpg 300w, https:\/\/agora.xtec.cat\/iescalgravat\/wp-content\/uploads\/usu63\/2019\/01\/PHOTO-2019-01-24-14-58-13-768x576.jpg 768w, https:\/\/agora.xtec.cat\/iescalgravat\/wp-content\/uploads\/usu63\/2019\/01\/PHOTO-2019-01-24-14-58-13-200x150.jpg 200w, https:\/\/agora.xtec.cat\/iescalgravat\/wp-content\/uploads\/usu63\/2019\/01\/PHOTO-2019-01-24-14-58-13.jpg 1600w\" sizes=\"auto, (max-width: 1024px) 100vw, 1024px\" \/><\/a>\n\t\t\t<\/dt><\/dl><br style=\"clear: both\" \/>\n\t\t<\/div>\n\n<p>&nbsp;<\/p>\n","protected":false},"excerpt":{"rendered":"<p>Avui dijous 24 de gener la Mariona Miralda, Laila Mateo i Sabrina Ruiz (3r ESO) i Marcel Morales, Martina Soler, Guillem Sellar\u00e8s i Bruna Gim\u00e9nez (2n ESO) han pogut participar a la VI Copa Cangur que organitza l&#8217;Escola Polit\u00e8cnica Superior d&#8217;Enginyeria de la UPC de&hellip;  <a href=\"https:\/\/agora.xtec.cat\/iescalgravat\/general\/3rs-classificats-en-la-vi-copa-cangur\/\" title=\"Read 3r\u00b4s CLASSIFICATS  EN LA VI COPA CANGUR\">Llegeix m\u00e9s\u00bb<\/a><\/p>\n","protected":false},"author":1,"featured_media":2305,"comment_status":"open","ping_status":"closed","sticky":false,"template":"","format":"standard","meta":{"_bbp_topic_count":0,"_bbp_reply_count":0,"_bbp_total_topic_count":0,"_bbp_total_reply_count":0,"_bbp_voice_count":0,"_bbp_anonymous_reply_count":0,"_bbp_topic_count_hidden":0,"_bbp_reply_count_hidden":0,"_bbp_forum_subforum_count":0,"footnotes":""},"categories":[3,5,6,1],"tags":[],"class_list":["post-2302","post","type-post","status-publish","format-standard","has-post-thumbnail","hentry","category-eso","category-eso-2","category-eso-3","category-general"],"post_mailing_queue_ids":[],"_links":{"self":[{"href":"https:\/\/agora.xtec.cat\/iescalgravat\/wp-json\/wp\/v2\/posts\/2302","targetHints":{"allow":["GET"]}}],"collection":[{"href":"https:\/\/agora.xtec.cat\/iescalgravat\/wp-json\/wp\/v2\/posts"}],"about":[{"href":"https:\/\/agora.xtec.cat\/iescalgravat\/wp-json\/wp\/v2\/types\/post"}],"author":[{"embeddable":true,"href":"https:\/\/agora.xtec.cat\/iescalgravat\/wp-json\/wp\/v2\/users\/1"}],"replies":[{"embeddable":true,"href":"https:\/\/agora.xtec.cat\/iescalgravat\/wp-json\/wp\/v2\/comments?post=2302"}],"version-history":[{"count":2,"href":"https:\/\/agora.xtec.cat\/iescalgravat\/wp-json\/wp\/v2\/posts\/2302\/revisions"}],"predecessor-version":[{"id":2307,"href":"https:\/\/agora.xtec.cat\/iescalgravat\/wp-json\/wp\/v2\/posts\/2302\/revisions\/2307"}],"wp:featuredmedia":[{"embeddable":true,"href":"https:\/\/agora.xtec.cat\/iescalgravat\/wp-json\/wp\/v2\/media\/2305"}],"wp:attachment":[{"href":"https:\/\/agora.xtec.cat\/iescalgravat\/wp-json\/wp\/v2\/media?parent=2302"}],"wp:term":[{"taxonomy":"category","embeddable":true,"href":"https:\/\/agora.xtec.cat\/iescalgravat\/wp-json\/wp\/v2\/categories?post=2302"},{"taxonomy":"post_tag","embeddable":true,"href":"https:\/\/agora.xtec.cat\/iescalgravat\/wp-json\/wp\/v2\/tags?post=2302"}],"curies":[{"name":"wp","href":"https:\/\/api.w.org\/{rel}","templated":true}]}}