{"id":2296,"date":"2019-01-16T20:20:10","date_gmt":"2019-01-16T19:20:10","guid":{"rendered":"http:\/\/agora.xtec.cat\/iescalgravat\/?p=2296"},"modified":"2019-04-12T08:48:16","modified_gmt":"2019-04-12T06:48:16","slug":"bojos-per-la-ciencia-2","status":"publish","type":"post","link":"https:\/\/agora.xtec.cat\/iescalgravat\/general\/bojos-per-la-ciencia-2\/","title":{"rendered":"BOJOS PER LA CI\u00c8NCIA!!"},"content":{"rendered":"<div style=\"text-align: justify;\"><span style=\"font-family: arial, helvetica, sans-serif;\">Divendres 11 de gener es va fer a M\u00f3n Sant Benet, la inauguraci\u00f3 de la setena edici\u00f3 del programa <strong>Bojos per la Ci\u00e8ncia<\/strong>,\u00a0iniciativa de la Fundaci\u00f3 Catalunya La Pedrera, adre\u00e7ada a estudiants de 1r i 2n de batxillerat, que t\u00e9 per objectiu fomentar les vocacions cient\u00edfiques.<\/span><\/div>\n<div style=\"text-align: justify;\"><\/div>\n<div style=\"text-align: justify;\"><span style=\"font-family: arial, helvetica, sans-serif;\">L&#8217;alumne del nostre centre <strong>Noah M\u00e1rquez Vara<\/strong> hi participa, concretament en el curs <em>Noves tecnologies<\/em>.<\/span><\/div>\n<div style=\"text-align: justify;\"><\/div>\n<div style=\"text-align: justify;\"><span style=\"font-family: arial, helvetica, sans-serif;\">Enhorabona per accedir a aquesta formaci\u00f3!\u00a0<\/span><\/div>\n<div style=\"text-align: justify;\"><\/div>\n<div><a href=\"https:\/\/agora.xtec.cat\/iescalgravat\/wp-content\/uploads\/usu63\/2019\/01\/bojosperlaciencia6xxss.jpg\"><img loading=\"lazy\" decoding=\"async\" class=\"wp-image-2297 alignleft\" src=\"https:\/\/agora.xtec.cat\/iescalgravat\/wp-content\/uploads\/usu63\/2019\/01\/bojosperlaciencia6xxss.jpg\" alt=\"\" width=\"374\" height=\"249\" srcset=\"https:\/\/agora.xtec.cat\/iescalgravat\/wp-content\/uploads\/usu63\/2019\/01\/bojosperlaciencia6xxss.jpg 1000w, https:\/\/agora.xtec.cat\/iescalgravat\/wp-content\/uploads\/usu63\/2019\/01\/bojosperlaciencia6xxss-300x200.jpg 300w, https:\/\/agora.xtec.cat\/iescalgravat\/wp-content\/uploads\/usu63\/2019\/01\/bojosperlaciencia6xxss-768x511.jpg 768w\" sizes=\"auto, (max-width: 374px) 100vw, 374px\" \/><\/a><a href=\"https:\/\/agora.xtec.cat\/iescalgravat\/wp-content\/uploads\/usu63\/2019\/01\/f6cca778-ba01-4ac0-9d8a-ed6816f81bd7.jpg\"><img loading=\"lazy\" decoding=\"async\" class=\"wp-image-2298 alignright\" src=\"https:\/\/agora.xtec.cat\/iescalgravat\/wp-content\/uploads\/usu63\/2019\/01\/f6cca778-ba01-4ac0-9d8a-ed6816f81bd7.jpg\" alt=\"\" width=\"413\" height=\"250\" srcset=\"https:\/\/agora.xtec.cat\/iescalgravat\/wp-content\/uploads\/usu63\/2019\/01\/f6cca778-ba01-4ac0-9d8a-ed6816f81bd7.jpg 1080w, https:\/\/agora.xtec.cat\/iescalgravat\/wp-content\/uploads\/usu63\/2019\/01\/f6cca778-ba01-4ac0-9d8a-ed6816f81bd7-300x182.jpg 300w, https:\/\/agora.xtec.cat\/iescalgravat\/wp-content\/uploads\/usu63\/2019\/01\/f6cca778-ba01-4ac0-9d8a-ed6816f81bd7-768x466.jpg 768w, https:\/\/agora.xtec.cat\/iescalgravat\/wp-content\/uploads\/usu63\/2019\/01\/f6cca778-ba01-4ac0-9d8a-ed6816f81bd7-1024x621.jpg 1024w\" sizes=\"auto, (max-width: 413px) 100vw, 413px\" \/><\/a><\/div>\n","protected":false},"excerpt":{"rendered":"<p>Divendres 11 de gener es va fer a M\u00f3n Sant Benet, la inauguraci\u00f3 de la setena edici\u00f3 del programa Bojos per la Ci\u00e8ncia,\u00a0iniciativa de la Fundaci\u00f3 Catalunya La Pedrera, adre\u00e7ada a estudiants de 1r i 2n de batxillerat, que t\u00e9 per objectiu fomentar les vocacions&hellip;  <a href=\"https:\/\/agora.xtec.cat\/iescalgravat\/general\/bojos-per-la-ciencia-2\/\" title=\"Read BOJOS PER LA CI\u00c8NCIA!!\">Llegeix m\u00e9s\u00bb<\/a><\/p>\n","protected":false},"author":1,"featured_media":0,"comment_status":"open","ping_status":"closed","sticky":false,"template":"","format":"standard","meta":{"_bbp_topic_count":0,"_bbp_reply_count":0,"_bbp_total_topic_count":0,"_bbp_total_reply_count":0,"_bbp_voice_count":0,"_bbp_anonymous_reply_count":0,"_bbp_topic_count_hidden":0,"_bbp_reply_count_hidden":0,"_bbp_forum_subforum_count":0,"footnotes":""},"categories":[8,1],"tags":[],"class_list":["post-2296","post","type-post","status-publish","format-standard","hentry","category-batxillerat","category-general"],"post_mailing_queue_ids":[],"_links":{"self":[{"href":"https:\/\/agora.xtec.cat\/iescalgravat\/wp-json\/wp\/v2\/posts\/2296","targetHints":{"allow":["GET"]}}],"collection":[{"href":"https:\/\/agora.xtec.cat\/iescalgravat\/wp-json\/wp\/v2\/posts"}],"about":[{"href":"https:\/\/agora.xtec.cat\/iescalgravat\/wp-json\/wp\/v2\/types\/post"}],"author":[{"embeddable":true,"href":"https:\/\/agora.xtec.cat\/iescalgravat\/wp-json\/wp\/v2\/users\/1"}],"replies":[{"embeddable":true,"href":"https:\/\/agora.xtec.cat\/iescalgravat\/wp-json\/wp\/v2\/comments?post=2296"}],"version-history":[{"count":2,"href":"https:\/\/agora.xtec.cat\/iescalgravat\/wp-json\/wp\/v2\/posts\/2296\/revisions"}],"predecessor-version":[{"id":2301,"href":"https:\/\/agora.xtec.cat\/iescalgravat\/wp-json\/wp\/v2\/posts\/2296\/revisions\/2301"}],"wp:attachment":[{"href":"https:\/\/agora.xtec.cat\/iescalgravat\/wp-json\/wp\/v2\/media?parent=2296"}],"wp:term":[{"taxonomy":"category","embeddable":true,"href":"https:\/\/agora.xtec.cat\/iescalgravat\/wp-json\/wp\/v2\/categories?post=2296"},{"taxonomy":"post_tag","embeddable":true,"href":"https:\/\/agora.xtec.cat\/iescalgravat\/wp-json\/wp\/v2\/tags?post=2296"}],"curies":[{"name":"wp","href":"https:\/\/api.w.org\/{rel}","templated":true}]}}