{"id":2280,"date":"2019-01-15T21:03:22","date_gmt":"2019-01-15T20:03:22","guid":{"rendered":"http:\/\/agora.xtec.cat\/iescalgravat\/?p=2280"},"modified":"2019-04-12T08:48:24","modified_gmt":"2019-04-12T06:48:24","slug":"erasmus-ens-porta-a-turquia","status":"publish","type":"post","link":"https:\/\/agora.xtec.cat\/iescalgravat\/general\/erasmus-ens-porta-a-turquia\/","title":{"rendered":"ERASMUS+ ENS PORTA A TURQU\u00cdA"},"content":{"rendered":"<h5 class=\"a3s aXjCH \" style=\"text-align: justify;\">Des del diumenge passat i fins divendres, 18 de gener, un grup de 6 alumnes del nostre institut: l&#8217;Alexia Ortega, la Berta Gras i la Laura S\u00e1nchez de 3r d&#8217;ESO i l&#8217;Omar Ghangouan, l&#8217;Elvira Basullas i la Judit Feliu de 4t d&#8217;ESO, i dues professores del Departament de Lleng\u00fces Estrangeres: la Carme Ribas i la Merc\u00e8 Pedrosa; estan participant en una trobada multicultural a la ciutat de Manavgat, regi\u00f3 d&#8217;Antalya a sud de Turqu\u00eda. Aquesta interessant experi\u00e8ncia forma part del projecte Erasmus+ &#8220;Little Actions for Active Citizenship&#8221; en qu\u00e8 l&#8217;Institut Cal Gravat participa juntament amb instituts d&#8217;Hongria, It\u00e0lia, Litu\u00e0nia i Turquia. Aquest projecte durar\u00e0 2 anys i permetr\u00e0 que alguns dels nostres alumnes i professors viatgin als\u00a0 pa\u00efsos que participen al projecte, coneguin la seva cultura i facin amics d&#8217;arreu del m\u00f3n.<\/h5>\n\n\t\t<style type=\"text\/css\">\n\t\t\t#gallery-1 {\n\t\t\t\tmargin: auto;\n\t\t\t}\n\t\t\t#gallery-1 .gallery-item {\n\t\t\t\tfloat: left;\n\t\t\t\tmargin-top: 10px;\n\t\t\t\ttext-align: center;\n\t\t\t\twidth: 33%;\n\t\t\t}\n\t\t\t#gallery-1 img {\n\t\t\t\tborder: 2px solid #cfcfcf;\n\t\t\t}\n\t\t\t#gallery-1 .gallery-caption {\n\t\t\t\tmargin-left: 0;\n\t\t\t}\n\t\t\t\/* see gallery_shortcode() in wp-includes\/media.php *\/\n\t\t<\/style>\n\t\t<div id='gallery-1' class='gallery galleryid-2280 gallery-columns-3 gallery-size-medium'><dl class='gallery-item'>\n\t\t\t<dt class='gallery-icon landscape'>\n\t\t\t\t<a href='https:\/\/agora.xtec.cat\/iescalgravat\/general\/erasmus-ens-porta-a-turquia\/attachment\/photo-2019-01-15-13-53-181\/'><img loading=\"lazy\" decoding=\"async\" width=\"300\" height=\"225\" src=\"https:\/\/agora.xtec.cat\/iescalgravat\/wp-content\/uploads\/usu63\/2019\/01\/PHOTO-2019-01-15-13-53-181-300x225.jpg\" class=\"attachment-medium size-medium\" alt=\"\" srcset=\"https:\/\/agora.xtec.cat\/iescalgravat\/wp-content\/uploads\/usu63\/2019\/01\/PHOTO-2019-01-15-13-53-181-300x225.jpg 300w, https:\/\/agora.xtec.cat\/iescalgravat\/wp-content\/uploads\/usu63\/2019\/01\/PHOTO-2019-01-15-13-53-181-768x576.jpg 768w, https:\/\/agora.xtec.cat\/iescalgravat\/wp-content\/uploads\/usu63\/2019\/01\/PHOTO-2019-01-15-13-53-181-1024x768.jpg 1024w, https:\/\/agora.xtec.cat\/iescalgravat\/wp-content\/uploads\/usu63\/2019\/01\/PHOTO-2019-01-15-13-53-181-200x150.jpg 200w, https:\/\/agora.xtec.cat\/iescalgravat\/wp-content\/uploads\/usu63\/2019\/01\/PHOTO-2019-01-15-13-53-181.jpg 1600w\" sizes=\"auto, (max-width: 300px) 100vw, 300px\" \/><\/a>\n\t\t\t<\/dt><\/dl><dl class='gallery-item'>\n\t\t\t<dt class='gallery-icon landscape'>\n\t\t\t\t<a href='https:\/\/agora.xtec.cat\/iescalgravat\/general\/erasmus-ens-porta-a-turquia\/attachment\/photo-2019-01-15-13-53-19\/'><img loading=\"lazy\" decoding=\"async\" width=\"300\" height=\"225\" src=\"https:\/\/agora.xtec.cat\/iescalgravat\/wp-content\/uploads\/usu63\/2019\/01\/PHOTO-2019-01-15-13-53-19-300x225.jpg\" class=\"attachment-medium size-medium\" alt=\"\" srcset=\"https:\/\/agora.xtec.cat\/iescalgravat\/wp-content\/uploads\/usu63\/2019\/01\/PHOTO-2019-01-15-13-53-19-300x225.jpg 300w, https:\/\/agora.xtec.cat\/iescalgravat\/wp-content\/uploads\/usu63\/2019\/01\/PHOTO-2019-01-15-13-53-19-768x576.jpg 768w, https:\/\/agora.xtec.cat\/iescalgravat\/wp-content\/uploads\/usu63\/2019\/01\/PHOTO-2019-01-15-13-53-19-1024x768.jpg 1024w, https:\/\/agora.xtec.cat\/iescalgravat\/wp-content\/uploads\/usu63\/2019\/01\/PHOTO-2019-01-15-13-53-19-200x150.jpg 200w, https:\/\/agora.xtec.cat\/iescalgravat\/wp-content\/uploads\/usu63\/2019\/01\/PHOTO-2019-01-15-13-53-19.jpg 1600w\" sizes=\"auto, (max-width: 300px) 100vw, 300px\" \/><\/a>\n\t\t\t<\/dt><\/dl><dl class='gallery-item'>\n\t\t\t<dt class='gallery-icon landscape'>\n\t\t\t\t<a href='https:\/\/agora.xtec.cat\/iescalgravat\/general\/erasmus-ens-porta-a-turquia\/attachment\/photo-2019-01-15-13-53-193\/'><img loading=\"lazy\" decoding=\"async\" width=\"300\" height=\"225\" src=\"https:\/\/agora.xtec.cat\/iescalgravat\/wp-content\/uploads\/usu63\/2019\/01\/PHOTO-2019-01-15-13-53-193-300x225.jpg\" class=\"attachment-medium size-medium\" alt=\"\" srcset=\"https:\/\/agora.xtec.cat\/iescalgravat\/wp-content\/uploads\/usu63\/2019\/01\/PHOTO-2019-01-15-13-53-193-300x225.jpg 300w, https:\/\/agora.xtec.cat\/iescalgravat\/wp-content\/uploads\/usu63\/2019\/01\/PHOTO-2019-01-15-13-53-193-768x576.jpg 768w, https:\/\/agora.xtec.cat\/iescalgravat\/wp-content\/uploads\/usu63\/2019\/01\/PHOTO-2019-01-15-13-53-193-1024x768.jpg 1024w, https:\/\/agora.xtec.cat\/iescalgravat\/wp-content\/uploads\/usu63\/2019\/01\/PHOTO-2019-01-15-13-53-193-200x150.jpg 200w, https:\/\/agora.xtec.cat\/iescalgravat\/wp-content\/uploads\/usu63\/2019\/01\/PHOTO-2019-01-15-13-53-193.jpg 1600w\" sizes=\"auto, (max-width: 300px) 100vw, 300px\" \/><\/a>\n\t\t\t<\/dt><\/dl><br style=\"clear: both\" \/><dl class='gallery-item'>\n\t\t\t<dt class='gallery-icon landscape'>\n\t\t\t\t<a href='https:\/\/agora.xtec.cat\/iescalgravat\/general\/erasmus-ens-porta-a-turquia\/attachment\/photo-2019-01-15-13-53-201\/'><img loading=\"lazy\" decoding=\"async\" width=\"300\" height=\"225\" src=\"https:\/\/agora.xtec.cat\/iescalgravat\/wp-content\/uploads\/usu63\/2019\/01\/PHOTO-2019-01-15-13-53-201-300x225.jpg\" class=\"attachment-medium size-medium\" alt=\"\" srcset=\"https:\/\/agora.xtec.cat\/iescalgravat\/wp-content\/uploads\/usu63\/2019\/01\/PHOTO-2019-01-15-13-53-201-300x225.jpg 300w, https:\/\/agora.xtec.cat\/iescalgravat\/wp-content\/uploads\/usu63\/2019\/01\/PHOTO-2019-01-15-13-53-201-768x576.jpg 768w, https:\/\/agora.xtec.cat\/iescalgravat\/wp-content\/uploads\/usu63\/2019\/01\/PHOTO-2019-01-15-13-53-201-1024x768.jpg 1024w, https:\/\/agora.xtec.cat\/iescalgravat\/wp-content\/uploads\/usu63\/2019\/01\/PHOTO-2019-01-15-13-53-201-200x150.jpg 200w, https:\/\/agora.xtec.cat\/iescalgravat\/wp-content\/uploads\/usu63\/2019\/01\/PHOTO-2019-01-15-13-53-201.jpg 1600w\" sizes=\"auto, (max-width: 300px) 100vw, 300px\" \/><\/a>\n\t\t\t<\/dt><\/dl><dl class='gallery-item'>\n\t\t\t<dt class='gallery-icon landscape'>\n\t\t\t\t<a href='https:\/\/agora.xtec.cat\/iescalgravat\/general\/erasmus-ens-porta-a-turquia\/attachment\/photo-2019-01-15-13-53-202\/'><img loading=\"lazy\" decoding=\"async\" width=\"300\" height=\"225\" src=\"https:\/\/agora.xtec.cat\/iescalgravat\/wp-content\/uploads\/usu63\/2019\/01\/PHOTO-2019-01-15-13-53-202-300x225.jpg\" class=\"attachment-medium size-medium\" alt=\"\" srcset=\"https:\/\/agora.xtec.cat\/iescalgravat\/wp-content\/uploads\/usu63\/2019\/01\/PHOTO-2019-01-15-13-53-202-300x225.jpg 300w, https:\/\/agora.xtec.cat\/iescalgravat\/wp-content\/uploads\/usu63\/2019\/01\/PHOTO-2019-01-15-13-53-202-768x576.jpg 768w, https:\/\/agora.xtec.cat\/iescalgravat\/wp-content\/uploads\/usu63\/2019\/01\/PHOTO-2019-01-15-13-53-202-1024x768.jpg 1024w, https:\/\/agora.xtec.cat\/iescalgravat\/wp-content\/uploads\/usu63\/2019\/01\/PHOTO-2019-01-15-13-53-202-200x150.jpg 200w, https:\/\/agora.xtec.cat\/iescalgravat\/wp-content\/uploads\/usu63\/2019\/01\/PHOTO-2019-01-15-13-53-202.jpg 1600w\" sizes=\"auto, (max-width: 300px) 100vw, 300px\" \/><\/a>\n\t\t\t<\/dt><\/dl><dl class='gallery-item'>\n\t\t\t<dt class='gallery-icon portrait'>\n\t\t\t\t<a href='https:\/\/agora.xtec.cat\/iescalgravat\/general\/erasmus-ens-porta-a-turquia\/attachment\/photo-2019-01-15-13-53-191\/'><img loading=\"lazy\" decoding=\"async\" width=\"225\" height=\"300\" src=\"https:\/\/agora.xtec.cat\/iescalgravat\/wp-content\/uploads\/usu63\/2019\/01\/PHOTO-2019-01-15-13-53-191-225x300.jpg\" class=\"attachment-medium size-medium\" alt=\"\" srcset=\"https:\/\/agora.xtec.cat\/iescalgravat\/wp-content\/uploads\/usu63\/2019\/01\/PHOTO-2019-01-15-13-53-191-225x300.jpg 225w, https:\/\/agora.xtec.cat\/iescalgravat\/wp-content\/uploads\/usu63\/2019\/01\/PHOTO-2019-01-15-13-53-191-768x1024.jpg 768w, https:\/\/agora.xtec.cat\/iescalgravat\/wp-content\/uploads\/usu63\/2019\/01\/PHOTO-2019-01-15-13-53-191.jpg 1200w\" sizes=\"auto, (max-width: 225px) 100vw, 225px\" \/><\/a>\n\t\t\t<\/dt><\/dl><br style=\"clear: both\" \/><dl class='gallery-item'>\n\t\t\t<dt class='gallery-icon landscape'>\n\t\t\t\t<a href='https:\/\/agora.xtec.cat\/iescalgravat\/general\/erasmus-ens-porta-a-turquia\/attachment\/photo-2019-01-15-13-53-18\/'><img loading=\"lazy\" decoding=\"async\" width=\"300\" height=\"225\" src=\"https:\/\/agora.xtec.cat\/iescalgravat\/wp-content\/uploads\/usu63\/2019\/01\/PHOTO-2019-01-15-13-53-18-300x225.jpg\" class=\"attachment-medium size-medium\" alt=\"\" srcset=\"https:\/\/agora.xtec.cat\/iescalgravat\/wp-content\/uploads\/usu63\/2019\/01\/PHOTO-2019-01-15-13-53-18-300x225.jpg 300w, https:\/\/agora.xtec.cat\/iescalgravat\/wp-content\/uploads\/usu63\/2019\/01\/PHOTO-2019-01-15-13-53-18-768x576.jpg 768w, https:\/\/agora.xtec.cat\/iescalgravat\/wp-content\/uploads\/usu63\/2019\/01\/PHOTO-2019-01-15-13-53-18-1024x768.jpg 1024w, https:\/\/agora.xtec.cat\/iescalgravat\/wp-content\/uploads\/usu63\/2019\/01\/PHOTO-2019-01-15-13-53-18-200x150.jpg 200w, https:\/\/agora.xtec.cat\/iescalgravat\/wp-content\/uploads\/usu63\/2019\/01\/PHOTO-2019-01-15-13-53-18.jpg 1600w\" sizes=\"auto, (max-width: 300px) 100vw, 300px\" \/><\/a>\n\t\t\t<\/dt><\/dl><dl class='gallery-item'>\n\t\t\t<dt class='gallery-icon landscape'>\n\t\t\t\t<a href='https:\/\/agora.xtec.cat\/iescalgravat\/general\/erasmus-ens-porta-a-turquia\/attachment\/photo-2019-01-15-13-53-192\/'><img loading=\"lazy\" decoding=\"async\" width=\"300\" height=\"225\" src=\"https:\/\/agora.xtec.cat\/iescalgravat\/wp-content\/uploads\/usu63\/2019\/01\/PHOTO-2019-01-15-13-53-192-300x225.jpg\" class=\"attachment-medium size-medium\" alt=\"\" srcset=\"https:\/\/agora.xtec.cat\/iescalgravat\/wp-content\/uploads\/usu63\/2019\/01\/PHOTO-2019-01-15-13-53-192-300x225.jpg 300w, https:\/\/agora.xtec.cat\/iescalgravat\/wp-content\/uploads\/usu63\/2019\/01\/PHOTO-2019-01-15-13-53-192-768x576.jpg 768w, https:\/\/agora.xtec.cat\/iescalgravat\/wp-content\/uploads\/usu63\/2019\/01\/PHOTO-2019-01-15-13-53-192-1024x768.jpg 1024w, https:\/\/agora.xtec.cat\/iescalgravat\/wp-content\/uploads\/usu63\/2019\/01\/PHOTO-2019-01-15-13-53-192-200x150.jpg 200w, https:\/\/agora.xtec.cat\/iescalgravat\/wp-content\/uploads\/usu63\/2019\/01\/PHOTO-2019-01-15-13-53-192.jpg 1600w\" sizes=\"auto, (max-width: 300px) 100vw, 300px\" \/><\/a>\n\t\t\t<\/dt><\/dl><dl class='gallery-item'>\n\t\t\t<dt class='gallery-icon landscape'>\n\t\t\t\t<a href='https:\/\/agora.xtec.cat\/iescalgravat\/general\/erasmus-ens-porta-a-turquia\/attachment\/photo-2019-01-15-13-53-20\/'><img loading=\"lazy\" decoding=\"async\" width=\"300\" height=\"225\" src=\"https:\/\/agora.xtec.cat\/iescalgravat\/wp-content\/uploads\/usu63\/2019\/01\/PHOTO-2019-01-15-13-53-20-300x225.jpg\" class=\"attachment-medium size-medium\" alt=\"\" srcset=\"https:\/\/agora.xtec.cat\/iescalgravat\/wp-content\/uploads\/usu63\/2019\/01\/PHOTO-2019-01-15-13-53-20-300x225.jpg 300w, https:\/\/agora.xtec.cat\/iescalgravat\/wp-content\/uploads\/usu63\/2019\/01\/PHOTO-2019-01-15-13-53-20-768x576.jpg 768w, https:\/\/agora.xtec.cat\/iescalgravat\/wp-content\/uploads\/usu63\/2019\/01\/PHOTO-2019-01-15-13-53-20-1024x768.jpg 1024w, https:\/\/agora.xtec.cat\/iescalgravat\/wp-content\/uploads\/usu63\/2019\/01\/PHOTO-2019-01-15-13-53-20-200x150.jpg 200w, https:\/\/agora.xtec.cat\/iescalgravat\/wp-content\/uploads\/usu63\/2019\/01\/PHOTO-2019-01-15-13-53-20.jpg 1600w\" sizes=\"auto, (max-width: 300px) 100vw, 300px\" \/><\/a>\n\t\t\t<\/dt><\/dl><br style=\"clear: both\" \/>\n\t\t<\/div>\n\n","protected":false},"excerpt":{"rendered":"<p>Des del diumenge passat i fins divendres, 18 de gener, un grup de 6 alumnes del nostre institut: l&#8217;Alexia Ortega, la Berta Gras i la Laura S\u00e1nchez de 3r d&#8217;ESO i l&#8217;Omar Ghangouan, l&#8217;Elvira Basullas i la Judit Feliu de 4t d&#8217;ESO, i dues professores&hellip;  <a href=\"https:\/\/agora.xtec.cat\/iescalgravat\/general\/erasmus-ens-porta-a-turquia\/\" title=\"Read ERASMUS+ ENS PORTA A TURQU\u00cdA\">Llegeix m\u00e9s\u00bb<\/a><\/p>\n","protected":false},"author":1,"featured_media":2289,"comment_status":"open","ping_status":"closed","sticky":false,"template":"","format":"standard","meta":{"_bbp_topic_count":0,"_bbp_reply_count":0,"_bbp_total_topic_count":0,"_bbp_total_reply_count":0,"_bbp_voice_count":0,"_bbp_anonymous_reply_count":0,"_bbp_topic_count_hidden":0,"_bbp_reply_count_hidden":0,"_bbp_forum_subforum_count":0,"footnotes":""},"categories":[131,3,6,7,1],"tags":[],"class_list":["post-2280","post","type-post","status-publish","format-standard","has-post-thumbnail","hentry","category-erasmus","category-eso","category-eso-3","category-eso-4","category-general"],"post_mailing_queue_ids":[],"_links":{"self":[{"href":"https:\/\/agora.xtec.cat\/iescalgravat\/wp-json\/wp\/v2\/posts\/2280","targetHints":{"allow":["GET"]}}],"collection":[{"href":"https:\/\/agora.xtec.cat\/iescalgravat\/wp-json\/wp\/v2\/posts"}],"about":[{"href":"https:\/\/agora.xtec.cat\/iescalgravat\/wp-json\/wp\/v2\/types\/post"}],"author":[{"embeddable":true,"href":"https:\/\/agora.xtec.cat\/iescalgravat\/wp-json\/wp\/v2\/users\/1"}],"replies":[{"embeddable":true,"href":"https:\/\/agora.xtec.cat\/iescalgravat\/wp-json\/wp\/v2\/comments?post=2280"}],"version-history":[{"count":3,"href":"https:\/\/agora.xtec.cat\/iescalgravat\/wp-json\/wp\/v2\/posts\/2280\/revisions"}],"predecessor-version":[{"id":2295,"href":"https:\/\/agora.xtec.cat\/iescalgravat\/wp-json\/wp\/v2\/posts\/2280\/revisions\/2295"}],"wp:featuredmedia":[{"embeddable":true,"href":"https:\/\/agora.xtec.cat\/iescalgravat\/wp-json\/wp\/v2\/media\/2289"}],"wp:attachment":[{"href":"https:\/\/agora.xtec.cat\/iescalgravat\/wp-json\/wp\/v2\/media?parent=2280"}],"wp:term":[{"taxonomy":"category","embeddable":true,"href":"https:\/\/agora.xtec.cat\/iescalgravat\/wp-json\/wp\/v2\/categories?post=2280"},{"taxonomy":"post_tag","embeddable":true,"href":"https:\/\/agora.xtec.cat\/iescalgravat\/wp-json\/wp\/v2\/tags?post=2280"}],"curies":[{"name":"wp","href":"https:\/\/api.w.org\/{rel}","templated":true}]}}