{"id":2263,"date":"2019-01-11T13:53:35","date_gmt":"2019-01-11T12:53:35","guid":{"rendered":"http:\/\/agora.xtec.cat\/iescalgravat\/?p=2263"},"modified":"2019-04-12T08:41:42","modified_gmt":"2019-04-12T06:41:42","slug":"grups-historia-art-visiten-caixaforum","status":"publish","type":"post","link":"https:\/\/agora.xtec.cat\/iescalgravat\/general\/grups-historia-art-visiten-caixaforum\/","title":{"rendered":"GRUPS D&#8217;HIST\u00d2RIA DE L&#8217;ART VISITEN CAIXAFORUM"},"content":{"rendered":"<h6 style=\"text-align: justify;\">Els alumnes d&#8217;hist\u00f2ria de l&#8217;art de 4t d&#8217;ESO i 2n de batxillerat hem anat al CaixaForum de Barcelona a veure les exposicions de &#8220;Toulouse-Lautrec i l&#8217;esperit de Montmartre&#8221; i &#8220;Vel\u00e1zquez i el segle d&#8217;or&#8221;.<\/h6>\n<h6 dir=\"auto\" style=\"text-align: justify;\">Hem fet un viatge pel Par\u00eds bohemi d&#8217;entre segles i hem conegut el paper fonamental que l&#8217;esperit de Montmartre va tenir en el desenvolupament de l&#8217;art modern; despr\u00e9s ens hem apropat al m\u00f3n de Vel\u00e1zquez a trav\u00e9s d&#8217;obres seves i d&#8217;altres grans artistes internacionals contemporanis a ell.<\/h6>\n<h6 dir=\"auto\" style=\"text-align: justify;\">Hem gaudit molt del mat\u00ed a Barcelona!<\/h6>\n<figure class=\"figure wp-caption aligncenter\"><a href=\"https:\/\/agora.xtec.cat\/iescalgravat\/wp-content\/uploads\/usu63\/2019\/01\/ART1.jpg\"><img loading=\"lazy\" decoding=\"async\" class=\"size-full wp-image-2264\" src=\"https:\/\/agora.xtec.cat\/iescalgravat\/wp-content\/uploads\/usu63\/2019\/01\/ART1.jpg\" alt=\"\" width=\"4111\" height=\"2098\" srcset=\"https:\/\/agora.xtec.cat\/iescalgravat\/wp-content\/uploads\/usu63\/2019\/01\/ART1.jpg 4111w, https:\/\/agora.xtec.cat\/iescalgravat\/wp-content\/uploads\/usu63\/2019\/01\/ART1-300x153.jpg 300w, https:\/\/agora.xtec.cat\/iescalgravat\/wp-content\/uploads\/usu63\/2019\/01\/ART1-768x392.jpg 768w, https:\/\/agora.xtec.cat\/iescalgravat\/wp-content\/uploads\/usu63\/2019\/01\/ART1-1024x523.jpg 1024w\" sizes=\"auto, (max-width: 4111px) 100vw, 4111px\" \/><\/a><figcaption class=\"wp-caption-text\">sdr<\/figcaption><\/figure>\n","protected":false},"excerpt":{"rendered":"<p>Els alumnes d&#8217;hist\u00f2ria de l&#8217;art de 4t d&#8217;ESO i 2n de batxillerat hem anat al CaixaForum de Barcelona a veure les exposicions de &#8220;Toulouse-Lautrec i l&#8217;esperit de Montmartre&#8221; i &#8220;Vel\u00e1zquez i el segle d&#8217;or&#8221;.<br \/>\nHem fet un viatge pel Par\u00eds bohemi d&#8217;entre segles i hem conegut&hellip;  <a href=\"https:\/\/agora.xtec.cat\/iescalgravat\/general\/grups-historia-art-visiten-caixaforum\/\" title=\"Read GRUPS D&#8217;HIST\u00d2RIA DE L&#8217;ART VISITEN CAIXAFORUM\">Llegeix m\u00e9s\u00bb<\/a><\/p>\n","protected":false},"author":1,"featured_media":2264,"comment_status":"open","ping_status":"closed","sticky":false,"template":"","format":"standard","meta":{"_bbp_topic_count":0,"_bbp_reply_count":0,"_bbp_total_topic_count":0,"_bbp_total_reply_count":0,"_bbp_voice_count":0,"_bbp_anonymous_reply_count":0,"_bbp_topic_count_hidden":0,"_bbp_reply_count_hidden":0,"_bbp_forum_subforum_count":0,"footnotes":""},"categories":[3,1],"tags":[],"class_list":["post-2263","post","type-post","status-publish","format-standard","has-post-thumbnail","hentry","category-eso","category-general"],"post_mailing_queue_ids":[],"_links":{"self":[{"href":"https:\/\/agora.xtec.cat\/iescalgravat\/wp-json\/wp\/v2\/posts\/2263","targetHints":{"allow":["GET"]}}],"collection":[{"href":"https:\/\/agora.xtec.cat\/iescalgravat\/wp-json\/wp\/v2\/posts"}],"about":[{"href":"https:\/\/agora.xtec.cat\/iescalgravat\/wp-json\/wp\/v2\/types\/post"}],"author":[{"embeddable":true,"href":"https:\/\/agora.xtec.cat\/iescalgravat\/wp-json\/wp\/v2\/users\/1"}],"replies":[{"embeddable":true,"href":"https:\/\/agora.xtec.cat\/iescalgravat\/wp-json\/wp\/v2\/comments?post=2263"}],"version-history":[{"count":2,"href":"https:\/\/agora.xtec.cat\/iescalgravat\/wp-json\/wp\/v2\/posts\/2263\/revisions"}],"predecessor-version":[{"id":2300,"href":"https:\/\/agora.xtec.cat\/iescalgravat\/wp-json\/wp\/v2\/posts\/2263\/revisions\/2300"}],"wp:featuredmedia":[{"embeddable":true,"href":"https:\/\/agora.xtec.cat\/iescalgravat\/wp-json\/wp\/v2\/media\/2264"}],"wp:attachment":[{"href":"https:\/\/agora.xtec.cat\/iescalgravat\/wp-json\/wp\/v2\/media?parent=2263"}],"wp:term":[{"taxonomy":"category","embeddable":true,"href":"https:\/\/agora.xtec.cat\/iescalgravat\/wp-json\/wp\/v2\/categories?post=2263"},{"taxonomy":"post_tag","embeddable":true,"href":"https:\/\/agora.xtec.cat\/iescalgravat\/wp-json\/wp\/v2\/tags?post=2263"}],"curies":[{"name":"wp","href":"https:\/\/api.w.org\/{rel}","templated":true}]}}