{"id":2231,"date":"2018-12-19T19:45:19","date_gmt":"2018-12-19T18:45:19","guid":{"rendered":"http:\/\/agora.xtec.cat\/iescalgravat\/?p=2231"},"modified":"2019-04-12T08:42:44","modified_gmt":"2019-04-12T06:42:44","slug":"constitucio-consell-escolar","status":"publish","type":"post","link":"https:\/\/agora.xtec.cat\/iescalgravat\/general\/constitucio-consell-escolar\/","title":{"rendered":"CONSTITUCI\u00d3 CONSELL ESCOLAR"},"content":{"rendered":"<p>El dimarts <em><strong>18 de desembre a les 20:30 es va constituir el nou Consell Escolar,<\/strong><\/em> segons Resoluci\u00f3 ENS\/2232\/2018, d&#8217;1 d&#8217;octubre, per la qual s\u2019establia el calendari del proc\u00e9s electoral per renovar els membres dels consells escolars dels centres.<\/p>\n<p>El proc\u00e9s va comen\u00e7ar el dia 5 de novembre i s&#8217;han realitzat amb tota normalitat les votacions de tota la comunitat educativa, amb la nova composici\u00f3:<\/p>\n<table style=\"border-collapse: collapse; width: 50.7837%; height: 295px;\" border=\"1\">\n<tbody>\n<tr style=\"height: 32px;\">\n<td style=\"width: 45.307%; height: 32px; text-align: center;\">Directora<\/td>\n<td style=\"width: 43.251%; height: 32px; text-align: center;\">Elisa Altimiras Brunet<\/td>\n<\/tr>\n<tr style=\"height: 32px;\">\n<td style=\"width: 45.307%; height: 32px; text-align: center;\">Cap d&#8217;Estudis<\/td>\n<td style=\"width: 43.251%; height: 32px; text-align: center;\">Mireia Ribas Soler<\/td>\n<\/tr>\n<tr style=\"height: 32px;\">\n<td style=\"width: 45.307%; height: 32px; text-align: center;\">Secret\u00e0ria<\/td>\n<td style=\"width: 43.251%; height: 32px; text-align: center;\">Txell Guillen Gaja<\/td>\n<\/tr>\n<tr style=\"height: 32px;\">\n<td style=\"width: 45.307%; height: 32px; text-align: center;\">Representant Ajuntament<\/td>\n<td style=\"width: 43.251%; height: 32px; text-align: center;\">Neus Comellas Verdaguer<\/td>\n<\/tr>\n<tr style=\"height: 32px;\">\n<td style=\"width: 45.307%; height: 32px; text-align: center;\">Representant de l&#8217;alumnat<\/td>\n<td style=\"width: 43.251%; height: 32px; text-align: center;\">Anna Caballero Benito<\/td>\n<\/tr>\n<tr style=\"height: 32px;\">\n<td style=\"width: 45.307%; height: 32px; text-align: center;\">Representant de l&#8217;alumnat<\/td>\n<td style=\"width: 43.251%; height: 32px; text-align: center;\">Alba Gual Bascompte<\/td>\n<\/tr>\n<tr style=\"height: 32px;\">\n<td style=\"width: 45.307%; height: 32px; text-align: center;\">Representant de l&#8217;Ampa<\/td>\n<td style=\"width: 43.251%; height: 32px; text-align: center;\">Anna Ma Herrero Garcia<\/td>\n<\/tr>\n<tr style=\"height: 32px;\">\n<td style=\"width: 45.307%; height: 32px; text-align: center;\">Representant de pares i mares<\/td>\n<td style=\"width: 43.251%; height: 32px; text-align: center;\">Anna Torn\u00e9 Vidal<\/td>\n<\/tr>\n<tr style=\"height: 32px;\">\n<td style=\"width: 45.307%; height: 32px; text-align: center;\">Representant de pares i mares<\/td>\n<td style=\"width: 43.251%; height: 32px; text-align: center;\">Feola Van Heuvelen<\/td>\n<\/tr>\n<tr style=\"height: 32px;\">\n<td style=\"width: 45.307%; height: 32px; text-align: center;\">Representant de pares i mares<\/td>\n<td style=\"width: 43.251%; height: 32px; text-align: center;\">Jordi Comellas Grau<\/td>\n<\/tr>\n<tr style=\"height: 32px;\">\n<td style=\"width: 45.307%; height: 32px; text-align: center;\">Representant del PAE<\/td>\n<td style=\"width: 43.251%; height: 32px; text-align: center;\">Olga Moya Sala<\/td>\n<\/tr>\n<tr style=\"height: 32px;\">\n<td style=\"width: 45.307%; height: 32px; text-align: center;\">Representant del PAS<\/td>\n<td style=\"width: 43.251%; height: 32px; text-align: center;\">Nat\u00e0lia Gr\u00e0cia S\u00e1nchez<\/td>\n<\/tr>\n<tr style=\"height: 32px;\">\n<td style=\"width: 45.307%; height: 32px; text-align: center;\">Representant del professorat<\/td>\n<td style=\"width: 43.251%; height: 32px; text-align: center;\">N\u00faria Foixench P\u00e9rez<\/td>\n<\/tr>\n<tr style=\"height: 32px;\">\n<td style=\"width: 45.307%; height: 32px; text-align: center;\">Representant del professorat<\/td>\n<td style=\"width: 43.251%; height: 32px; text-align: center;\">N\u00faria Garcia Bonet<\/td>\n<\/tr>\n<tr style=\"height: 32px;\">\n<td style=\"width: 45.307%; height: 32px; text-align: center;\">Representant del professorat<\/td>\n<td style=\"width: 43.251%; height: 32px; text-align: center;\">Ovidi Cobacho Closa<\/td>\n<\/tr>\n<tr style=\"height: 32px;\">\n<td style=\"width: 45.307%; height: 32px; text-align: center;\">Representant del professorat<\/td>\n<td style=\"width: 43.251%; height: 32px; text-align: center;\">Minerva V\u00e1zquez de las Heras<\/td>\n<\/tr>\n<tr style=\"height: 32px;\">\n<td style=\"width: 45.307%; height: 32px; text-align: center;\">Representant del professorat<\/td>\n<td style=\"width: 43.251%; height: 32px; text-align: center;\">Maria Quar Comellas Armengol<\/td>\n<\/tr>\n<tr style=\"height: 32px;\">\n<td style=\"width: 45.307%; height: 32px; text-align: center;\">Representant del professorat<\/td>\n<td style=\"width: 43.251%; height: 32px; text-align: center;\">Rosanna Vi\u00f1as Escudero<\/td>\n<\/tr>\n<\/tbody>\n<\/table>\n","protected":false},"excerpt":{"rendered":"<p>El dimarts 18 de desembre a les 20:30 es va constituir el nou Consell Escolar, segons Resoluci\u00f3 ENS\/2232\/2018, d&#8217;1 d&#8217;octubre, per la qual s\u2019establia el calendari del proc\u00e9s electoral per renovar els membres dels consells escolars dels centres.<br \/>\nEl proc\u00e9s va comen\u00e7ar el dia 5 de&hellip;  <a href=\"https:\/\/agora.xtec.cat\/iescalgravat\/general\/constitucio-consell-escolar\/\" title=\"Read CONSTITUCI\u00d3 CONSELL ESCOLAR\">Llegeix m\u00e9s\u00bb<\/a><\/p>\n","protected":false},"author":1,"featured_media":0,"comment_status":"open","ping_status":"closed","sticky":false,"template":"","format":"standard","meta":{"_bbp_topic_count":0,"_bbp_reply_count":0,"_bbp_total_topic_count":0,"_bbp_total_reply_count":0,"_bbp_voice_count":0,"_bbp_anonymous_reply_count":0,"_bbp_topic_count_hidden":0,"_bbp_reply_count_hidden":0,"_bbp_forum_subforum_count":0,"footnotes":""},"categories":[31,8,30,3,1],"tags":[],"class_list":["post-2231","post","type-post","status-publish","format-standard","hentry","category-ampa","category-batxillerat","category-cicles-formatius","category-eso","category-general"],"post_mailing_queue_ids":[],"_links":{"self":[{"href":"https:\/\/agora.xtec.cat\/iescalgravat\/wp-json\/wp\/v2\/posts\/2231","targetHints":{"allow":["GET"]}}],"collection":[{"href":"https:\/\/agora.xtec.cat\/iescalgravat\/wp-json\/wp\/v2\/posts"}],"about":[{"href":"https:\/\/agora.xtec.cat\/iescalgravat\/wp-json\/wp\/v2\/types\/post"}],"author":[{"embeddable":true,"href":"https:\/\/agora.xtec.cat\/iescalgravat\/wp-json\/wp\/v2\/users\/1"}],"replies":[{"embeddable":true,"href":"https:\/\/agora.xtec.cat\/iescalgravat\/wp-json\/wp\/v2\/comments?post=2231"}],"version-history":[{"count":2,"href":"https:\/\/agora.xtec.cat\/iescalgravat\/wp-json\/wp\/v2\/posts\/2231\/revisions"}],"predecessor-version":[{"id":2233,"href":"https:\/\/agora.xtec.cat\/iescalgravat\/wp-json\/wp\/v2\/posts\/2231\/revisions\/2233"}],"wp:attachment":[{"href":"https:\/\/agora.xtec.cat\/iescalgravat\/wp-json\/wp\/v2\/media?parent=2231"}],"wp:term":[{"taxonomy":"category","embeddable":true,"href":"https:\/\/agora.xtec.cat\/iescalgravat\/wp-json\/wp\/v2\/categories?post=2231"},{"taxonomy":"post_tag","embeddable":true,"href":"https:\/\/agora.xtec.cat\/iescalgravat\/wp-json\/wp\/v2\/tags?post=2231"}],"curies":[{"name":"wp","href":"https:\/\/api.w.org\/{rel}","templated":true}]}}