{"id":2227,"date":"2018-12-18T12:40:11","date_gmt":"2018-12-18T11:40:11","guid":{"rendered":"http:\/\/agora.xtec.cat\/iescalgravat\/?p=2227"},"modified":"2019-04-12T08:43:12","modified_gmt":"2019-04-12T06:43:12","slug":"cursa-per-la-vida-de-la-marato","status":"publish","type":"post","link":"https:\/\/agora.xtec.cat\/iescalgravat\/general\/cursa-per-la-vida-de-la-marato\/","title":{"rendered":"CURSA PER LA VIDA DE LA MARAT\u00d3"},"content":{"rendered":"<div>Diumenge passat 16 de desembre, dia de la <strong>Marat\u00f3 de TV3<\/strong> dedicada aquest any a recaptar fons per a la investigaci\u00f3 de la malaltia del c\u00e0ncer, es va fer la ja tradicional <em>&#8221; Cursa per la Vida de la Marat\u00f3 de TV3 &#8220;<\/em>, aquest any pels voltants del Parc de l&#8217; Agulla.<\/div>\n<div>A la sortida de la cursa ens vam trobar amb el Yeray Mart\u00ednez, alumne de 3r d&#8217; ESO, i el Salvador, el seu pare, i dues mares dels alumnes de 1r de batxillerat : la Conchi, mare del Christian Acera, i la Rita, la mare del Manu Carmona.<\/div>\n<div>Enhorabona a tots i totes per la vostra participaci\u00f3 a la cursa i la vostra col\u00b7laboraci\u00f3 per la causa!!!!<\/div>\n<div><\/div>\n<div><a href=\"https:\/\/agora.xtec.cat\/iescalgravat\/wp-content\/uploads\/usu63\/2018\/12\/PHOTO-2018-12-16-11-56-12-1.jpg\"><img loading=\"lazy\" decoding=\"async\" class=\"size-medium wp-image-2228 alignleft\" src=\"https:\/\/agora.xtec.cat\/iescalgravat\/wp-content\/uploads\/usu63\/2018\/12\/PHOTO-2018-12-16-11-56-12-1-300x225.jpg\" alt=\"\" width=\"300\" height=\"225\" srcset=\"https:\/\/agora.xtec.cat\/iescalgravat\/wp-content\/uploads\/usu63\/2018\/12\/PHOTO-2018-12-16-11-56-12-1-300x225.jpg 300w, https:\/\/agora.xtec.cat\/iescalgravat\/wp-content\/uploads\/usu63\/2018\/12\/PHOTO-2018-12-16-11-56-12-1-768x576.jpg 768w, https:\/\/agora.xtec.cat\/iescalgravat\/wp-content\/uploads\/usu63\/2018\/12\/PHOTO-2018-12-16-11-56-12-1.jpg 1024w, https:\/\/agora.xtec.cat\/iescalgravat\/wp-content\/uploads\/usu63\/2018\/12\/PHOTO-2018-12-16-11-56-12-1-200x150.jpg 200w\" sizes=\"auto, (max-width: 300px) 100vw, 300px\" \/><\/a> <a href=\"https:\/\/agora.xtec.cat\/iescalgravat\/wp-content\/uploads\/usu63\/2018\/12\/PHOTO-2018-12-16-11-56-12.jpg\"><img loading=\"lazy\" decoding=\"async\" class=\"size-medium wp-image-2229 alignright\" src=\"https:\/\/agora.xtec.cat\/iescalgravat\/wp-content\/uploads\/usu63\/2018\/12\/PHOTO-2018-12-16-11-56-12-300x225.jpg\" alt=\"\" width=\"300\" height=\"225\" srcset=\"https:\/\/agora.xtec.cat\/iescalgravat\/wp-content\/uploads\/usu63\/2018\/12\/PHOTO-2018-12-16-11-56-12-300x225.jpg 300w, https:\/\/agora.xtec.cat\/iescalgravat\/wp-content\/uploads\/usu63\/2018\/12\/PHOTO-2018-12-16-11-56-12-768x577.jpg 768w, https:\/\/agora.xtec.cat\/iescalgravat\/wp-content\/uploads\/usu63\/2018\/12\/PHOTO-2018-12-16-11-56-12.jpg 1024w, https:\/\/agora.xtec.cat\/iescalgravat\/wp-content\/uploads\/usu63\/2018\/12\/PHOTO-2018-12-16-11-56-12-200x150.jpg 200w\" sizes=\"auto, (max-width: 300px) 100vw, 300px\" \/><\/a><\/div>\n","protected":false},"excerpt":{"rendered":"<p>Diumenge passat 16 de desembre, dia de la Marat\u00f3 de TV3 dedicada aquest any a recaptar fons per a la investigaci\u00f3 de la malaltia del c\u00e0ncer, es va fer la ja tradicional &#8221; Cursa per la Vida de la Marat\u00f3 de TV3 &#8220;, aquest any&hellip;  <a href=\"https:\/\/agora.xtec.cat\/iescalgravat\/general\/cursa-per-la-vida-de-la-marato\/\" title=\"Read CURSA PER LA VIDA DE LA MARAT\u00d3\">Llegeix m\u00e9s\u00bb<\/a><\/p>\n","protected":false},"author":1,"featured_media":0,"comment_status":"open","ping_status":"closed","sticky":false,"template":"","format":"standard","meta":{"_bbp_topic_count":0,"_bbp_reply_count":0,"_bbp_total_topic_count":0,"_bbp_total_reply_count":0,"_bbp_voice_count":0,"_bbp_anonymous_reply_count":0,"_bbp_topic_count_hidden":0,"_bbp_reply_count_hidden":0,"_bbp_forum_subforum_count":0,"footnotes":""},"categories":[1],"tags":[],"class_list":["post-2227","post","type-post","status-publish","format-standard","hentry","category-general"],"post_mailing_queue_ids":[],"_links":{"self":[{"href":"https:\/\/agora.xtec.cat\/iescalgravat\/wp-json\/wp\/v2\/posts\/2227","targetHints":{"allow":["GET"]}}],"collection":[{"href":"https:\/\/agora.xtec.cat\/iescalgravat\/wp-json\/wp\/v2\/posts"}],"about":[{"href":"https:\/\/agora.xtec.cat\/iescalgravat\/wp-json\/wp\/v2\/types\/post"}],"author":[{"embeddable":true,"href":"https:\/\/agora.xtec.cat\/iescalgravat\/wp-json\/wp\/v2\/users\/1"}],"replies":[{"embeddable":true,"href":"https:\/\/agora.xtec.cat\/iescalgravat\/wp-json\/wp\/v2\/comments?post=2227"}],"version-history":[{"count":1,"href":"https:\/\/agora.xtec.cat\/iescalgravat\/wp-json\/wp\/v2\/posts\/2227\/revisions"}],"predecessor-version":[{"id":2230,"href":"https:\/\/agora.xtec.cat\/iescalgravat\/wp-json\/wp\/v2\/posts\/2227\/revisions\/2230"}],"wp:attachment":[{"href":"https:\/\/agora.xtec.cat\/iescalgravat\/wp-json\/wp\/v2\/media?parent=2227"}],"wp:term":[{"taxonomy":"category","embeddable":true,"href":"https:\/\/agora.xtec.cat\/iescalgravat\/wp-json\/wp\/v2\/categories?post=2227"},{"taxonomy":"post_tag","embeddable":true,"href":"https:\/\/agora.xtec.cat\/iescalgravat\/wp-json\/wp\/v2\/tags?post=2227"}],"curies":[{"name":"wp","href":"https:\/\/api.w.org\/{rel}","templated":true}]}}