{"id":2201,"date":"2018-11-30T19:10:56","date_gmt":"2018-11-30T18:10:56","guid":{"rendered":"http:\/\/agora.xtec.cat\/iescalgravat\/?p=2201"},"modified":"2018-12-21T08:31:06","modified_gmt":"2018-12-21T07:31:06","slug":"eleccions-al-consell-escolar-sector-professorat","status":"publish","type":"post","link":"https:\/\/agora.xtec.cat\/iescalgravat\/general\/eleccions-al-consell-escolar-sector-professorat\/","title":{"rendered":"ELECCIONS AL CONSELL ESCOLAR SECTOR PROFESSORAT"},"content":{"rendered":"<div class=\"news_hometext\">\n<p style=\"text-align: justify;\">El dimarts 27 de novembre es va celebrar amb Claustre Extraordinari la renovaci\u00f3 dels representants del sector professorat del Consell Escolar. Els representants escollits han estat: Ovidi Cobacho (Depart. Socials), Maria Quar Comellas (Depart. Angl\u00e8s), Minerva Vazquez (Depart. Ll. Castellana) i Rosanna Vi\u00f1as (Depart. Ci\u00e8ncies Naturals).\u00a0 La mesa electoral la formaven en Toni Masseg\u00fa i Calveras i l&#8217;Anna Sur\u00eds i Sunyer.<\/p>\n<\/div>\n<p style=\"text-align: justify;\">Felicitar als nous representants al Consell Escolar i desitjar-los bona feina.<\/p>\n","protected":false},"excerpt":{"rendered":"<p>El dimarts 27 de novembre es va celebrar amb Claustre Extraordinari la renovaci\u00f3 dels representants del sector professorat del Consell Escolar. Els representants escollits han estat: Ovidi Cobacho (Depart. Socials), Maria Quar Comellas (Depart. Angl\u00e8s), Minerva Vazquez (Depart. Ll. Castellana) i Rosanna Vi\u00f1as (Depart. Ci\u00e8ncies&hellip;  <a href=\"https:\/\/agora.xtec.cat\/iescalgravat\/general\/eleccions-al-consell-escolar-sector-professorat\/\" title=\"Read ELECCIONS AL CONSELL ESCOLAR SECTOR PROFESSORAT\">Llegeix m\u00e9s\u00bb<\/a><\/p>\n","protected":false},"author":1,"featured_media":0,"comment_status":"open","ping_status":"closed","sticky":false,"template":"","format":"standard","meta":{"_bbp_topic_count":0,"_bbp_reply_count":0,"_bbp_total_topic_count":0,"_bbp_total_reply_count":0,"_bbp_voice_count":0,"_bbp_anonymous_reply_count":0,"_bbp_topic_count_hidden":0,"_bbp_reply_count_hidden":0,"_bbp_forum_subforum_count":0,"footnotes":""},"categories":[8,30,3,1],"tags":[],"class_list":["post-2201","post","type-post","status-publish","format-standard","hentry","category-batxillerat","category-cicles-formatius","category-eso","category-general"],"post_mailing_queue_ids":[],"_links":{"self":[{"href":"https:\/\/agora.xtec.cat\/iescalgravat\/wp-json\/wp\/v2\/posts\/2201","targetHints":{"allow":["GET"]}}],"collection":[{"href":"https:\/\/agora.xtec.cat\/iescalgravat\/wp-json\/wp\/v2\/posts"}],"about":[{"href":"https:\/\/agora.xtec.cat\/iescalgravat\/wp-json\/wp\/v2\/types\/post"}],"author":[{"embeddable":true,"href":"https:\/\/agora.xtec.cat\/iescalgravat\/wp-json\/wp\/v2\/users\/1"}],"replies":[{"embeddable":true,"href":"https:\/\/agora.xtec.cat\/iescalgravat\/wp-json\/wp\/v2\/comments?post=2201"}],"version-history":[{"count":3,"href":"https:\/\/agora.xtec.cat\/iescalgravat\/wp-json\/wp\/v2\/posts\/2201\/revisions"}],"predecessor-version":[{"id":2205,"href":"https:\/\/agora.xtec.cat\/iescalgravat\/wp-json\/wp\/v2\/posts\/2201\/revisions\/2205"}],"wp:attachment":[{"href":"https:\/\/agora.xtec.cat\/iescalgravat\/wp-json\/wp\/v2\/media?parent=2201"}],"wp:term":[{"taxonomy":"category","embeddable":true,"href":"https:\/\/agora.xtec.cat\/iescalgravat\/wp-json\/wp\/v2\/categories?post=2201"},{"taxonomy":"post_tag","embeddable":true,"href":"https:\/\/agora.xtec.cat\/iescalgravat\/wp-json\/wp\/v2\/tags?post=2201"}],"curies":[{"name":"wp","href":"https:\/\/api.w.org\/{rel}","templated":true}]}}