{"id":2183,"date":"2018-11-26T21:31:56","date_gmt":"2018-11-26T20:31:56","guid":{"rendered":"http:\/\/agora.xtec.cat\/iescalgravat\/?p=2183"},"modified":"2019-04-12T08:53:15","modified_gmt":"2019-04-12T06:53:15","slug":"trobada-de-delegats","status":"publish","type":"post","link":"https:\/\/agora.xtec.cat\/iescalgravat\/general\/trobada-de-delegats\/","title":{"rendered":"TROBADA DE DELEGATS"},"content":{"rendered":"<p>El dijous 22, els nostres delegats d&#8217;ESO van assistir a\u00a0Sant Joan de Vilatorrada a la 33a Trobada de delegats i delegades, que enguany ha tractat sobre la hipersexualitzaci\u00f3 i l&#8217;exposici\u00f3 de la pr\u00f2pia imatge a les xarxes socials.<\/p>\n<p>Durant la Trobada s&#8217;han organitzat diverses din\u00e0miques de sensibilitzaci\u00f3 als i les joves delegats.<\/p>\n<p>A la jornada hi van participar unes 300 persones entre alumnes i professorat de 24 centres de secund\u00e0ria. \u00c9s una iniciativa del Consell Comarcal del Bages.<\/p>\n<p><a href=\"https:\/\/agora.xtec.cat\/iescalgravat\/wp-content\/uploads\/usu63\/2018\/11\/unnamed-1.jpg\"><img loading=\"lazy\" decoding=\"async\" class=\"size-medium wp-image-2184 alignleft\" src=\"https:\/\/agora.xtec.cat\/iescalgravat\/wp-content\/uploads\/usu63\/2018\/11\/unnamed-1-225x300.jpg\" alt=\"\" width=\"225\" height=\"300\" srcset=\"https:\/\/agora.xtec.cat\/iescalgravat\/wp-content\/uploads\/usu63\/2018\/11\/unnamed-1-225x300.jpg 225w, https:\/\/agora.xtec.cat\/iescalgravat\/wp-content\/uploads\/usu63\/2018\/11\/unnamed-1.jpg 240w\" sizes=\"auto, (max-width: 225px) 100vw, 225px\" \/><\/a> <a href=\"https:\/\/agora.xtec.cat\/iescalgravat\/wp-content\/uploads\/usu63\/2018\/11\/unnamed-2.jpg\"><img loading=\"lazy\" decoding=\"async\" class=\"size-medium wp-image-2185 alignright\" src=\"https:\/\/agora.xtec.cat\/iescalgravat\/wp-content\/uploads\/usu63\/2018\/11\/unnamed-2-225x300.jpg\" alt=\"\" width=\"225\" height=\"300\" srcset=\"https:\/\/agora.xtec.cat\/iescalgravat\/wp-content\/uploads\/usu63\/2018\/11\/unnamed-2-225x300.jpg 225w, https:\/\/agora.xtec.cat\/iescalgravat\/wp-content\/uploads\/usu63\/2018\/11\/unnamed-2.jpg 240w\" sizes=\"auto, (max-width: 225px) 100vw, 225px\" \/><\/a> <a href=\"https:\/\/agora.xtec.cat\/iescalgravat\/wp-content\/uploads\/usu63\/2018\/11\/unnamed.jpg\"><img loading=\"lazy\" decoding=\"async\" class=\"aligncenter size-medium wp-image-2186\" src=\"https:\/\/agora.xtec.cat\/iescalgravat\/wp-content\/uploads\/usu63\/2018\/11\/unnamed-169x300.jpg\" alt=\"\" width=\"169\" height=\"300\" srcset=\"https:\/\/agora.xtec.cat\/iescalgravat\/wp-content\/uploads\/usu63\/2018\/11\/unnamed-169x300.jpg 169w, https:\/\/agora.xtec.cat\/iescalgravat\/wp-content\/uploads\/usu63\/2018\/11\/unnamed.jpg 180w\" sizes=\"auto, (max-width: 169px) 100vw, 169px\" \/><\/a> <a href=\"https:\/\/agora.xtec.cat\/iescalgravat\/wp-content\/uploads\/usu63\/2018\/11\/IMG_2869.jpeg\"><img loading=\"lazy\" decoding=\"async\" class=\"aligncenter size-medium wp-image-2187\" src=\"https:\/\/agora.xtec.cat\/iescalgravat\/wp-content\/uploads\/usu63\/2018\/11\/IMG_2869-300x225.jpeg\" alt=\"\" width=\"300\" height=\"225\" srcset=\"https:\/\/agora.xtec.cat\/iescalgravat\/wp-content\/uploads\/usu63\/2018\/11\/IMG_2869-300x225.jpeg 300w, https:\/\/agora.xtec.cat\/iescalgravat\/wp-content\/uploads\/usu63\/2018\/11\/IMG_2869-200x150.jpeg 200w, https:\/\/agora.xtec.cat\/iescalgravat\/wp-content\/uploads\/usu63\/2018\/11\/IMG_2869.jpeg 320w\" sizes=\"auto, (max-width: 300px) 100vw, 300px\" \/><\/a><\/p>\n","protected":false},"excerpt":{"rendered":"<p>El dijous 22, els nostres delegats d&#8217;ESO van assistir a\u00a0Sant Joan de Vilatorrada a la 33a Trobada de delegats i delegades, que enguany ha tractat sobre la hipersexualitzaci\u00f3 i l&#8217;exposici\u00f3 de la pr\u00f2pia imatge a les xarxes socials.<br \/>\nDurant la Trobada s&#8217;han organitzat diverses din\u00e0miques de&hellip;  <a href=\"https:\/\/agora.xtec.cat\/iescalgravat\/general\/trobada-de-delegats\/\" title=\"Read TROBADA DE DELEGATS\">Llegeix m\u00e9s\u00bb<\/a><\/p>\n","protected":false},"author":1,"featured_media":0,"comment_status":"open","ping_status":"closed","sticky":false,"template":"","format":"standard","meta":{"_bbp_topic_count":0,"_bbp_reply_count":0,"_bbp_total_topic_count":0,"_bbp_total_reply_count":0,"_bbp_voice_count":0,"_bbp_anonymous_reply_count":0,"_bbp_topic_count_hidden":0,"_bbp_reply_count_hidden":0,"_bbp_forum_subforum_count":0,"footnotes":""},"categories":[3,1],"tags":[],"class_list":["post-2183","post","type-post","status-publish","format-standard","hentry","category-eso","category-general"],"post_mailing_queue_ids":[],"_links":{"self":[{"href":"https:\/\/agora.xtec.cat\/iescalgravat\/wp-json\/wp\/v2\/posts\/2183","targetHints":{"allow":["GET"]}}],"collection":[{"href":"https:\/\/agora.xtec.cat\/iescalgravat\/wp-json\/wp\/v2\/posts"}],"about":[{"href":"https:\/\/agora.xtec.cat\/iescalgravat\/wp-json\/wp\/v2\/types\/post"}],"author":[{"embeddable":true,"href":"https:\/\/agora.xtec.cat\/iescalgravat\/wp-json\/wp\/v2\/users\/1"}],"replies":[{"embeddable":true,"href":"https:\/\/agora.xtec.cat\/iescalgravat\/wp-json\/wp\/v2\/comments?post=2183"}],"version-history":[{"count":1,"href":"https:\/\/agora.xtec.cat\/iescalgravat\/wp-json\/wp\/v2\/posts\/2183\/revisions"}],"predecessor-version":[{"id":2188,"href":"https:\/\/agora.xtec.cat\/iescalgravat\/wp-json\/wp\/v2\/posts\/2183\/revisions\/2188"}],"wp:attachment":[{"href":"https:\/\/agora.xtec.cat\/iescalgravat\/wp-json\/wp\/v2\/media?parent=2183"}],"wp:term":[{"taxonomy":"category","embeddable":true,"href":"https:\/\/agora.xtec.cat\/iescalgravat\/wp-json\/wp\/v2\/categories?post=2183"},{"taxonomy":"post_tag","embeddable":true,"href":"https:\/\/agora.xtec.cat\/iescalgravat\/wp-json\/wp\/v2\/tags?post=2183"}],"curies":[{"name":"wp","href":"https:\/\/api.w.org\/{rel}","templated":true}]}}