{"id":2105,"date":"2018-11-05T20:12:19","date_gmt":"2018-11-05T19:12:19","guid":{"rendered":"http:\/\/agora.xtec.cat\/iescalgravat\/?p=2105"},"modified":"2018-12-21T08:32:30","modified_gmt":"2018-12-21T07:32:30","slug":"eleccions-al-consell-escolar","status":"publish","type":"post","link":"https:\/\/agora.xtec.cat\/iescalgravat\/general\/eleccions-al-consell-escolar\/","title":{"rendered":"ELECCIONS AL CONSELL ESCOLAR"},"content":{"rendered":"<div class=\"entry-content\">\n<table style=\"border-collapse: collapse; width: 76.7948%; height: 523px;\" border=\"1\">\n<tbody>\n<tr>\n<td style=\"width: 50%;\">\n<div class=\"entry-content\">\n<h5 style=\"text-align: justify;\"><em>Despr\u00e9s de dos anys del Consell Escolar, cal ara procedir a la renovaci\u00f3 dels seus membres: quatre<\/em> representants del professorat, un <em>representant dels pares\/mares,<\/em><em> un representant de l&#8217;alumnat, un representant del PAS i un representant del PAE.<\/em><\/h5>\n<h5 style=\"text-align: justify;\"><em><br \/>\n<\/em>Podeu presentar-vos com a candidats fins el dia <strong>16 de novembre.<\/strong> \u00c9s un tr\u00e0mit molt senzill, nom\u00e9s cal que demaneu el document a direcci\u00f3, l&#8217;ompliu i el presenteu.<\/h5>\n<p>&nbsp;<\/p>\n<h5><em>Les votacions seran:<\/em><\/h5>\n<\/div>\n<ul style=\"text-align: justify;\">\n<li>\n<h5><em>26 de novembre Sector PAS i PAE<\/em><\/h5>\n<\/li>\n<li>\n<h5>27 de novembre Sector PROFESSORAT<\/h5>\n<\/li>\n<li>\n<h5>28 de novembre Sector PARES\/MARES. Horari: <strong>7,45-9,00 i 13,15-15,00 Hores.<\/strong><\/h5>\n<\/li>\n<li>\n<h5>30 de novembre Sector ALUMNAT<\/h5>\n<\/li>\n<\/ul>\n<h5>Trobareu m\u00e9s informaci\u00f3 a: <a href=\"http:\/\/ensenyament.gencat.cat\/ca\/inici\/nota-premsa\/?id=308262\">http:\/\/ensenyament.gencat.cat\/ca\/inici\/nota-premsa\/?id=308262<\/a><\/h5>\n<p>&nbsp;<\/p>\n<h5>Esperem la vostra participaci\u00f3!!!<\/h5>\n<\/td>\n<td style=\"width: 50%;\"><a href=\"https:\/\/agora.xtec.cat\/iescalgravat\/wp-content\/uploads\/usu63\/2018\/11\/consell_2018.jpg\"><img loading=\"lazy\" decoding=\"async\" class=\"aligncenter wp-image-2106\" src=\"https:\/\/agora.xtec.cat\/iescalgravat\/wp-content\/uploads\/usu63\/2018\/11\/consell_2018-150x300.jpg\" alt=\"\" width=\"273\" height=\"546\" srcset=\"https:\/\/agora.xtec.cat\/iescalgravat\/wp-content\/uploads\/usu63\/2018\/11\/consell_2018-150x300.jpg 150w, https:\/\/agora.xtec.cat\/iescalgravat\/wp-content\/uploads\/usu63\/2018\/11\/consell_2018-768x1536.jpg 768w, https:\/\/agora.xtec.cat\/iescalgravat\/wp-content\/uploads\/usu63\/2018\/11\/consell_2018-512x1024.jpg 512w, https:\/\/agora.xtec.cat\/iescalgravat\/wp-content\/uploads\/usu63\/2018\/11\/consell_2018.jpg 1814w\" sizes=\"auto, (max-width: 273px) 100vw, 273px\" \/><\/a><\/td>\n<\/tr>\n<\/tbody>\n<\/table>\n<\/div>\n","protected":false},"excerpt":{"rendered":"<p>Despr\u00e9s de dos anys del Consell Escolar, cal ara procedir a la renovaci\u00f3 dels seus membres: quatre representants del professorat, un representant dels pares\/mares, un representant de l&#8217;alumnat, un representant del PAS i un representant del PAE.<\/p>\n<p>Podeu presentar-vos com a candidats fins el dia 16&hellip;  <a href=\"https:\/\/agora.xtec.cat\/iescalgravat\/general\/eleccions-al-consell-escolar\/\" title=\"Read ELECCIONS AL CONSELL ESCOLAR\">Llegeix m\u00e9s\u00bb<\/a><\/p>\n","protected":false},"author":1,"featured_media":2106,"comment_status":"open","ping_status":"closed","sticky":false,"template":"","format":"standard","meta":{"_bbp_topic_count":0,"_bbp_reply_count":0,"_bbp_total_topic_count":0,"_bbp_total_reply_count":0,"_bbp_voice_count":0,"_bbp_anonymous_reply_count":0,"_bbp_topic_count_hidden":0,"_bbp_reply_count_hidden":0,"_bbp_forum_subforum_count":0,"footnotes":""},"categories":[31,8,3,1],"tags":[],"class_list":["post-2105","post","type-post","status-publish","format-standard","has-post-thumbnail","hentry","category-ampa","category-batxillerat","category-eso","category-general"],"post_mailing_queue_ids":[],"_links":{"self":[{"href":"https:\/\/agora.xtec.cat\/iescalgravat\/wp-json\/wp\/v2\/posts\/2105","targetHints":{"allow":["GET"]}}],"collection":[{"href":"https:\/\/agora.xtec.cat\/iescalgravat\/wp-json\/wp\/v2\/posts"}],"about":[{"href":"https:\/\/agora.xtec.cat\/iescalgravat\/wp-json\/wp\/v2\/types\/post"}],"author":[{"embeddable":true,"href":"https:\/\/agora.xtec.cat\/iescalgravat\/wp-json\/wp\/v2\/users\/1"}],"replies":[{"embeddable":true,"href":"https:\/\/agora.xtec.cat\/iescalgravat\/wp-json\/wp\/v2\/comments?post=2105"}],"version-history":[{"count":3,"href":"https:\/\/agora.xtec.cat\/iescalgravat\/wp-json\/wp\/v2\/posts\/2105\/revisions"}],"predecessor-version":[{"id":2110,"href":"https:\/\/agora.xtec.cat\/iescalgravat\/wp-json\/wp\/v2\/posts\/2105\/revisions\/2110"}],"wp:featuredmedia":[{"embeddable":true,"href":"https:\/\/agora.xtec.cat\/iescalgravat\/wp-json\/wp\/v2\/media\/2106"}],"wp:attachment":[{"href":"https:\/\/agora.xtec.cat\/iescalgravat\/wp-json\/wp\/v2\/media?parent=2105"}],"wp:term":[{"taxonomy":"category","embeddable":true,"href":"https:\/\/agora.xtec.cat\/iescalgravat\/wp-json\/wp\/v2\/categories?post=2105"},{"taxonomy":"post_tag","embeddable":true,"href":"https:\/\/agora.xtec.cat\/iescalgravat\/wp-json\/wp\/v2\/tags?post=2105"}],"curies":[{"name":"wp","href":"https:\/\/api.w.org\/{rel}","templated":true}]}}