{"id":2032,"date":"2018-09-19T19:31:55","date_gmt":"2018-09-19T17:31:55","guid":{"rendered":"http:\/\/agora.xtec.cat\/iescalgravat\/?p=2032"},"modified":"2019-01-11T20:55:05","modified_gmt":"2019-01-11T19:55:05","slug":"xerrada-inaugural-del-curs-2","status":"publish","type":"post","link":"https:\/\/agora.xtec.cat\/iescalgravat\/general\/xerrada-inaugural-del-curs-2\/","title":{"rendered":"XERRADA INAUGURAL DEL CURS 2018-19"},"content":{"rendered":"<p>Ahir a les 7 de la tarda a la Biblioteca vam poder gaudir de la Xerrada a c\u00e0rrec d&#8217;en Lloren\u00e7 Capdevila, escriptor i professor on va tractar <em>La import\u00e0ncia de llegir<\/em>, a trav\u00e9s d&#8217;alguns textos triats d&#8217;escriptors contemporanis i tamb\u00e9 a trav\u00e9s de l&#8217;art.<\/p>\n<p>Ha estat valorat per tots els assistents de forma molt positiva i ens ha donat tamb\u00e9 molta motivaci\u00f3 pel gust a la lectura que enguany hem comen\u00e7at a introduir dins de l&#8217;horari lectiu del centre, on cada dia dediquem 30 minuts de lectura obligat\u00f2ria per part de tots (professorat i alumnat).<\/p>\n<p>Felicitar a tots i totes per l&#8217;assist\u00e8ncia !!!<\/p>\n<table style=\"border-collapse: collapse; width: 43.0334%; height: 196px;\" border=\"1\">\n<tbody>\n<tr>\n<td style=\"width: 50%;\"><a href=\"http:\/\/agora.xtec.cat\/iescalgravat\/wp-content\/uploads\/usu63\/2018\/09\/PHOTO-2018-09-18-19-29-481.jpg\"><img loading=\"lazy\" decoding=\"async\" class=\"aligncenter size-medium wp-image-2034\" src=\"http:\/\/agora.xtec.cat\/iescalgravat\/wp-content\/uploads\/usu63\/2018\/09\/PHOTO-2018-09-18-19-29-481-300x225.jpg\" alt=\"\" width=\"300\" height=\"225\" srcset=\"https:\/\/agora.xtec.cat\/iescalgravat\/wp-content\/uploads\/usu63\/2018\/09\/PHOTO-2018-09-18-19-29-481-300x225.jpg 300w, https:\/\/agora.xtec.cat\/iescalgravat\/wp-content\/uploads\/usu63\/2018\/09\/PHOTO-2018-09-18-19-29-481-768x576.jpg 768w, https:\/\/agora.xtec.cat\/iescalgravat\/wp-content\/uploads\/usu63\/2018\/09\/PHOTO-2018-09-18-19-29-481.jpg 1024w, https:\/\/agora.xtec.cat\/iescalgravat\/wp-content\/uploads\/usu63\/2018\/09\/PHOTO-2018-09-18-19-29-481-200x150.jpg 200w\" sizes=\"auto, (max-width: 300px) 100vw, 300px\" \/><\/a><\/td>\n<td style=\"width: 50%; text-align: center;\"><a href=\"http:\/\/agora.xtec.cat\/iescalgravat\/wp-content\/uploads\/usu63\/2018\/09\/PHOTO-2018-09-19-00-28-33.jpg\"><img loading=\"lazy\" decoding=\"async\" class=\"aligncenter size-medium wp-image-2033\" src=\"http:\/\/agora.xtec.cat\/iescalgravat\/wp-content\/uploads\/usu63\/2018\/09\/PHOTO-2018-09-19-00-28-33-300x225.jpg\" alt=\"\" width=\"300\" height=\"225\" srcset=\"https:\/\/agora.xtec.cat\/iescalgravat\/wp-content\/uploads\/usu63\/2018\/09\/PHOTO-2018-09-19-00-28-33-300x225.jpg 300w, https:\/\/agora.xtec.cat\/iescalgravat\/wp-content\/uploads\/usu63\/2018\/09\/PHOTO-2018-09-19-00-28-33-768x576.jpg 768w, https:\/\/agora.xtec.cat\/iescalgravat\/wp-content\/uploads\/usu63\/2018\/09\/PHOTO-2018-09-19-00-28-33-1024x768.jpg 1024w, https:\/\/agora.xtec.cat\/iescalgravat\/wp-content\/uploads\/usu63\/2018\/09\/PHOTO-2018-09-19-00-28-33-200x150.jpg 200w, https:\/\/agora.xtec.cat\/iescalgravat\/wp-content\/uploads\/usu63\/2018\/09\/PHOTO-2018-09-19-00-28-33.jpg 1599w\" sizes=\"auto, (max-width: 300px) 100vw, 300px\" \/><\/a><\/td>\n<\/tr>\n<\/tbody>\n<\/table>\n<p>&nbsp;<\/p>\n","protected":false},"excerpt":{"rendered":"<p>Ahir a les 7 de la tarda a la Biblioteca vam poder gaudir de la Xerrada a c\u00e0rrec d&#8217;en Lloren\u00e7 Capdevila, escriptor i professor on va tractar La import\u00e0ncia de llegir, a trav\u00e9s d&#8217;alguns textos triats d&#8217;escriptors contemporanis i tamb\u00e9 a trav\u00e9s de l&#8217;art.<br \/>\nHa estat&hellip;  <a href=\"https:\/\/agora.xtec.cat\/iescalgravat\/general\/xerrada-inaugural-del-curs-2\/\" title=\"Read XERRADA INAUGURAL DEL CURS 2018-19\">Llegeix m\u00e9s\u00bb<\/a><\/p>\n","protected":false},"author":1,"featured_media":2034,"comment_status":"open","ping_status":"closed","sticky":false,"template":"","format":"standard","meta":{"_bbp_topic_count":0,"_bbp_reply_count":0,"_bbp_total_topic_count":0,"_bbp_total_reply_count":0,"_bbp_voice_count":0,"_bbp_anonymous_reply_count":0,"_bbp_topic_count_hidden":0,"_bbp_reply_count_hidden":0,"_bbp_forum_subforum_count":0,"footnotes":""},"categories":[31,8,30,3,1],"tags":[],"class_list":["post-2032","post","type-post","status-publish","format-standard","has-post-thumbnail","hentry","category-ampa","category-batxillerat","category-cicles-formatius","category-eso","category-general"],"post_mailing_queue_ids":[],"_links":{"self":[{"href":"https:\/\/agora.xtec.cat\/iescalgravat\/wp-json\/wp\/v2\/posts\/2032","targetHints":{"allow":["GET"]}}],"collection":[{"href":"https:\/\/agora.xtec.cat\/iescalgravat\/wp-json\/wp\/v2\/posts"}],"about":[{"href":"https:\/\/agora.xtec.cat\/iescalgravat\/wp-json\/wp\/v2\/types\/post"}],"author":[{"embeddable":true,"href":"https:\/\/agora.xtec.cat\/iescalgravat\/wp-json\/wp\/v2\/users\/1"}],"replies":[{"embeddable":true,"href":"https:\/\/agora.xtec.cat\/iescalgravat\/wp-json\/wp\/v2\/comments?post=2032"}],"version-history":[{"count":3,"href":"https:\/\/agora.xtec.cat\/iescalgravat\/wp-json\/wp\/v2\/posts\/2032\/revisions"}],"predecessor-version":[{"id":2037,"href":"https:\/\/agora.xtec.cat\/iescalgravat\/wp-json\/wp\/v2\/posts\/2032\/revisions\/2037"}],"wp:featuredmedia":[{"embeddable":true,"href":"https:\/\/agora.xtec.cat\/iescalgravat\/wp-json\/wp\/v2\/media\/2034"}],"wp:attachment":[{"href":"https:\/\/agora.xtec.cat\/iescalgravat\/wp-json\/wp\/v2\/media?parent=2032"}],"wp:term":[{"taxonomy":"category","embeddable":true,"href":"https:\/\/agora.xtec.cat\/iescalgravat\/wp-json\/wp\/v2\/categories?post=2032"},{"taxonomy":"post_tag","embeddable":true,"href":"https:\/\/agora.xtec.cat\/iescalgravat\/wp-json\/wp\/v2\/tags?post=2032"}],"curies":[{"name":"wp","href":"https:\/\/api.w.org\/{rel}","templated":true}]}}