{"id":1965,"date":"2018-07-18T17:52:11","date_gmt":"2018-07-18T15:52:11","guid":{"rendered":"http:\/\/agora.xtec.cat\/iescalgravat\/?p=1965"},"modified":"2018-09-20T09:58:13","modified_gmt":"2018-09-20T07:58:13","slug":"xerrada-inaugural-curs-2018-19","status":"publish","type":"post","link":"https:\/\/agora.xtec.cat\/iescalgravat\/general\/xerrada-inaugural-curs-2018-19\/","title":{"rendered":"XERRADA INAUGURAL CURS 2018-19"},"content":{"rendered":"<p style=\"text-align: justify;\"><b>El dimarts 18 de setembre a les 7 del vespre <\/b>tindr\u00e0 lloc la<b> Xerrada Inaugural de Curs q<\/b>ue aquest any anir\u00e0 a c\u00e0rrec d&#8217;en<b> Lloren\u00e7 Capdevila, escriptor i mestre <\/b>que ens parlar\u00e0 sobre<b> &#8220;La import\u00e0ncia de llegir&#8221;.<a href=\"http:\/\/agora.xtec.cat\/iescalgravat\/wp-content\/uploads\/usu63\/2018\/07\/hubo-purga-1.jpg\"><img loading=\"lazy\" decoding=\"async\" class=\"size-medium wp-image-1967 alignright\" src=\"http:\/\/agora.xtec.cat\/iescalgravat\/wp-content\/uploads\/usu63\/2018\/07\/hubo-purga-1-300x181.jpg\" alt=\"\" width=\"300\" height=\"181\" srcset=\"https:\/\/agora.xtec.cat\/iescalgravat\/wp-content\/uploads\/usu63\/2018\/07\/hubo-purga-1-300x181.jpg 300w, https:\/\/agora.xtec.cat\/iescalgravat\/wp-content\/uploads\/usu63\/2018\/07\/hubo-purga-1.jpg 572w\" sizes=\"auto, (max-width: 300px) 100vw, 300px\" \/><\/a><\/b><\/p>\n<p style=\"text-align: justify;\">Ha estat l&#8217;autor de forces llibres coneguts i presents en les lectures recomanades entre el p\u00fablic juvenil, tals com:<\/p>\n<ul>\n<li><i>Rac\u00f3 de m\u00f3n<\/i> (El M\u00e8dol, 2000), premi Vila d&#8217;Asc\u00f3 1999<\/li>\n<li><i>El color del crepuscle<\/i> (Columna, 2001), premi Leandre Colomer 2000<\/li>\n<li><i>O rei o res!<\/i> (Columna, 2003)<\/li>\n<li><i>\u00c0nima de llop<\/i> (Proa, 2004), premi El lector de l&#8217;Odissea, 2004<\/li>\n<li><i>Serrallonga, l&#8217;\u00faltim bandoler<\/i> (Proa, 2006)<\/li>\n<li><i>El secret del bandoler<\/i> (Cru\u00eflla, 2007), novel\u00b7la juvenil, premi Gran Angular 2007<\/li>\n<li><i>Els diaris de Pascal<\/i> (Proa-TV3, 2008)<\/li>\n<li><i>Sota la pell<\/i> (Proa, 2010)<\/li>\n<li><i>Tothom a terra!<\/i> (Edicions de l&#8217;Alb\u00ed, 2011)<\/li>\n<li><i>A fer punyetes!<\/i> (Barcanova, 2012), novel\u00b7la juvenil.<\/li>\n<li><i>L&#8217;\u00c8lia va de b\u00f2lit<\/i> (Barcanova, 2013), novel\u00b7la infantil<\/li>\n<li><i>L&#8217;her\u00e8ncia del vell pirata<\/i> (Cru\u00eflla, 2015), novel\u00b7la juvenil, premi Gran Angular 2015<\/li>\n<li><i>Pacte de silenci<\/i> (Pag\u00e8s Editors, 2016), Premi Ferran Canyameres, 2015<\/li>\n<\/ul>\n<p style=\"text-align: justify;\"><em><strong>Esperem poder gaudir de la xerrada en companyia de tota la comunitat educativa (alumnat, professorat i fam\u00edlies).<\/strong><\/em><\/p>\n","protected":false},"excerpt":{"rendered":"<p>El dimarts 18 de setembre a les 7 del vespre tindr\u00e0 lloc la Xerrada Inaugural de Curs que aquest any anir\u00e0 a c\u00e0rrec d&#8217;en Lloren\u00e7 Capdevila, escriptor i mestre que ens parlar\u00e0 sobre &#8220;La import\u00e0ncia de llegir&#8221;.<a href=\"http:\/\/agora.xtec.cat\/iescalgravat\/wp-content\/uploads\/usu63\/2018\/07\/hubo-purga-1.jpg\"><\/a><br \/>\nHa estat l&#8217;autor de forces llibres coneguts i&hellip;  <a href=\"https:\/\/agora.xtec.cat\/iescalgravat\/general\/xerrada-inaugural-curs-2018-19\/\" title=\"Read XERRADA INAUGURAL CURS 2018-19\">Llegeix m\u00e9s\u00bb<\/a><\/p>\n","protected":false},"author":1,"featured_media":1967,"comment_status":"open","ping_status":"closed","sticky":false,"template":"","format":"standard","meta":{"_bbp_topic_count":0,"_bbp_reply_count":0,"_bbp_total_topic_count":0,"_bbp_total_reply_count":0,"_bbp_voice_count":0,"_bbp_anonymous_reply_count":0,"_bbp_topic_count_hidden":0,"_bbp_reply_count_hidden":0,"_bbp_forum_subforum_count":0,"footnotes":""},"categories":[31,8,30,3,1],"tags":[],"class_list":["post-1965","post","type-post","status-publish","format-standard","has-post-thumbnail","hentry","category-ampa","category-batxillerat","category-cicles-formatius","category-eso","category-general"],"post_mailing_queue_ids":[],"_links":{"self":[{"href":"https:\/\/agora.xtec.cat\/iescalgravat\/wp-json\/wp\/v2\/posts\/1965","targetHints":{"allow":["GET"]}}],"collection":[{"href":"https:\/\/agora.xtec.cat\/iescalgravat\/wp-json\/wp\/v2\/posts"}],"about":[{"href":"https:\/\/agora.xtec.cat\/iescalgravat\/wp-json\/wp\/v2\/types\/post"}],"author":[{"embeddable":true,"href":"https:\/\/agora.xtec.cat\/iescalgravat\/wp-json\/wp\/v2\/users\/1"}],"replies":[{"embeddable":true,"href":"https:\/\/agora.xtec.cat\/iescalgravat\/wp-json\/wp\/v2\/comments?post=1965"}],"version-history":[{"count":3,"href":"https:\/\/agora.xtec.cat\/iescalgravat\/wp-json\/wp\/v2\/posts\/1965\/revisions"}],"predecessor-version":[{"id":1969,"href":"https:\/\/agora.xtec.cat\/iescalgravat\/wp-json\/wp\/v2\/posts\/1965\/revisions\/1969"}],"wp:featuredmedia":[{"embeddable":true,"href":"https:\/\/agora.xtec.cat\/iescalgravat\/wp-json\/wp\/v2\/media\/1967"}],"wp:attachment":[{"href":"https:\/\/agora.xtec.cat\/iescalgravat\/wp-json\/wp\/v2\/media?parent=1965"}],"wp:term":[{"taxonomy":"category","embeddable":true,"href":"https:\/\/agora.xtec.cat\/iescalgravat\/wp-json\/wp\/v2\/categories?post=1965"},{"taxonomy":"post_tag","embeddable":true,"href":"https:\/\/agora.xtec.cat\/iescalgravat\/wp-json\/wp\/v2\/tags?post=1965"}],"curies":[{"name":"wp","href":"https:\/\/api.w.org\/{rel}","templated":true}]}}