{"id":1947,"date":"2018-07-01T10:56:09","date_gmt":"2018-07-01T08:56:09","guid":{"rendered":"http:\/\/agora.xtec.cat\/iescalgravat\/?p=1947"},"modified":"2018-11-22T12:15:17","modified_gmt":"2018-11-22T11:15:17","slug":"distincio-prova-acces-a-la-universitat","status":"publish","type":"post","link":"https:\/\/agora.xtec.cat\/iescalgravat\/general\/distincio-prova-acces-a-la-universitat\/","title":{"rendered":"DISTINCI\u00d3 PROVA ACC\u00c9S A LA UNIVERSITAT"},"content":{"rendered":"<p style=\"text-align: justify;\"><span id=\"react-root\">L&#8217;alumne Noah Pradas Ruiz ha merescut la Distinci\u00f3 de la Prova d\u2019Acc\u00e9s a la Universitat, que s\u2019atorga a tots els estudiants de batxillerat de Catalunya que han obtingut, en la fase general, una nota superior o igual a nou punts. La nostra cordial felicitaci\u00f3 pel seu esfor\u00e7 i dedicaci\u00f3\u00a0 tant a la seva la fam\u00edlia com a la tasca de tot l&#8217;equip docent.<a href=\"http:\/\/agora.xtec.cat\/iescalgravat\/wp-content\/uploads\/usu63\/2018\/07\/IMG_2891.jpg\"><img loading=\"lazy\" decoding=\"async\" class=\"size-medium wp-image-1948 alignright\" src=\"http:\/\/agora.xtec.cat\/iescalgravat\/wp-content\/uploads\/usu63\/2018\/07\/IMG_2891-291x300.jpg\" alt=\"\" width=\"291\" height=\"300\" srcset=\"https:\/\/agora.xtec.cat\/iescalgravat\/wp-content\/uploads\/usu63\/2018\/07\/IMG_2891-291x300.jpg 291w, https:\/\/agora.xtec.cat\/iescalgravat\/wp-content\/uploads\/usu63\/2018\/07\/IMG_2891.jpg 432w\" sizes=\"auto, (max-width: 291px) 100vw, 291px\" \/><\/a><br \/>\nL\u2019acte de lliurament de les Distincions de les Proves d\u2019Acc\u00e9s a la Universitat tindr\u00e0 lloc el divendres dia 20 de juliol, a la tarda, a L\u2019Auditori de Barcelona.<br \/>\nAix\u00ed mateix aprofitem per felicitar a tot l&#8217;alumnat pels resultats obtinguts d&#8217;enguany a la Selectivitat.<br \/>\n<\/span><\/p>\n<p style=\"text-align: justify;\">\n","protected":false},"excerpt":{"rendered":"<p>L&#8217;alumne Noah Pradas Ruiz ha merescut la Distinci\u00f3 de la Prova d\u2019Acc\u00e9s a la Universitat, que s\u2019atorga a tots els estudiants de batxillerat de Catalunya que han obtingut, en la fase general, una nota superior o igual a nou punts. La nostra cordial felicitaci\u00f3 pel&hellip;  <a href=\"https:\/\/agora.xtec.cat\/iescalgravat\/general\/distincio-prova-acces-a-la-universitat\/\" title=\"Read DISTINCI\u00d3 PROVA ACC\u00c9S A LA UNIVERSITAT\">Llegeix m\u00e9s\u00bb<\/a><\/p>\n","protected":false},"author":1,"featured_media":1948,"comment_status":"open","ping_status":"closed","sticky":false,"template":"","format":"standard","meta":{"_bbp_topic_count":0,"_bbp_reply_count":0,"_bbp_total_topic_count":0,"_bbp_total_reply_count":0,"_bbp_voice_count":0,"_bbp_anonymous_reply_count":0,"_bbp_topic_count_hidden":0,"_bbp_reply_count_hidden":0,"_bbp_forum_subforum_count":0,"footnotes":""},"categories":[8,1],"tags":[],"class_list":["post-1947","post","type-post","status-publish","format-standard","has-post-thumbnail","hentry","category-batxillerat","category-general"],"post_mailing_queue_ids":[],"_links":{"self":[{"href":"https:\/\/agora.xtec.cat\/iescalgravat\/wp-json\/wp\/v2\/posts\/1947","targetHints":{"allow":["GET"]}}],"collection":[{"href":"https:\/\/agora.xtec.cat\/iescalgravat\/wp-json\/wp\/v2\/posts"}],"about":[{"href":"https:\/\/agora.xtec.cat\/iescalgravat\/wp-json\/wp\/v2\/types\/post"}],"author":[{"embeddable":true,"href":"https:\/\/agora.xtec.cat\/iescalgravat\/wp-json\/wp\/v2\/users\/1"}],"replies":[{"embeddable":true,"href":"https:\/\/agora.xtec.cat\/iescalgravat\/wp-json\/wp\/v2\/comments?post=1947"}],"version-history":[{"count":1,"href":"https:\/\/agora.xtec.cat\/iescalgravat\/wp-json\/wp\/v2\/posts\/1947\/revisions"}],"predecessor-version":[{"id":1949,"href":"https:\/\/agora.xtec.cat\/iescalgravat\/wp-json\/wp\/v2\/posts\/1947\/revisions\/1949"}],"wp:featuredmedia":[{"embeddable":true,"href":"https:\/\/agora.xtec.cat\/iescalgravat\/wp-json\/wp\/v2\/media\/1948"}],"wp:attachment":[{"href":"https:\/\/agora.xtec.cat\/iescalgravat\/wp-json\/wp\/v2\/media?parent=1947"}],"wp:term":[{"taxonomy":"category","embeddable":true,"href":"https:\/\/agora.xtec.cat\/iescalgravat\/wp-json\/wp\/v2\/categories?post=1947"},{"taxonomy":"post_tag","embeddable":true,"href":"https:\/\/agora.xtec.cat\/iescalgravat\/wp-json\/wp\/v2\/tags?post=1947"}],"curies":[{"name":"wp","href":"https:\/\/api.w.org\/{rel}","templated":true}]}}