{"id":1872,"date":"2018-06-20T10:11:27","date_gmt":"2018-06-20T08:11:27","guid":{"rendered":"http:\/\/agora.xtec.cat\/iescalgravat\/?p=1872"},"modified":"2018-11-22T12:15:51","modified_gmt":"2018-11-22T11:15:51","slug":"llibres-per-el-curs-2018-19","status":"publish","type":"post","link":"https:\/\/agora.xtec.cat\/iescalgravat\/general\/llibres-per-el-curs-2018-19\/","title":{"rendered":"LLIBRES PER AL CURS 2018-19"},"content":{"rendered":"<p style=\"text-align: justify;\">La reuni\u00f3 informativa sobre la gesti\u00f3 de\u00a0llibres de l&#8217;empresa <strong>Iddink<\/strong>, per els pares de 1r d&#8217;ESO\u00a0 es realitzar\u00e0 el dia<strong> 2 de juliol a les 7 de la tarda i la <\/strong>recollida de llibres es far\u00e0 el <strong>4 de juliol al mat\u00ed de 10 a 14 i a tarda de 3 a 5<\/strong>. I la recollida de setembre ser\u00e0 el dimarts <strong>4 de setembre de 10 a 13:30 del mat\u00ed.<\/strong><\/p>\n<p>Us adjuntem el llistat de llibres per al proper curs:\u00a0 <strong><a href=\"http:\/\/agora.xtec.cat\/iescalgravat\/wp-content\/uploads\/usu63\/2018\/06\/LLIBRES_TEXT_2018_19_DEF-1.pdf\">Llibres curs 18\/19<\/a><a href=\"http:\/\/agora.xtec.cat\/iescalgravat\/wp-content\/uploads\/usu63\/2018\/06\/IMG_3182-1.jpg\"><img loading=\"lazy\" decoding=\"async\" class=\" wp-image-1878 aligncenter\" src=\"http:\/\/agora.xtec.cat\/iescalgravat\/wp-content\/uploads\/usu63\/2018\/06\/IMG_3182-1-300x225.jpg\" alt=\"\" width=\"196\" height=\"147\" srcset=\"https:\/\/agora.xtec.cat\/iescalgravat\/wp-content\/uploads\/usu63\/2018\/06\/IMG_3182-1-300x225.jpg 300w, https:\/\/agora.xtec.cat\/iescalgravat\/wp-content\/uploads\/usu63\/2018\/06\/IMG_3182-1-768x576.jpg 768w, https:\/\/agora.xtec.cat\/iescalgravat\/wp-content\/uploads\/usu63\/2018\/06\/IMG_3182-1.jpg 1024w, https:\/\/agora.xtec.cat\/iescalgravat\/wp-content\/uploads\/usu63\/2018\/06\/IMG_3182-1-200x150.jpg 200w\" sizes=\"auto, (max-width: 196px) 100vw, 196px\" \/><\/a><\/strong><\/p>\n","protected":false},"excerpt":{"rendered":"<p>La reuni\u00f3 informativa sobre la gesti\u00f3 de\u00a0llibres de l&#8217;empresa Iddink, per els pares de 1r d&#8217;ESO\u00a0 es realitzar\u00e0 el dia 2 de juliol a les 7 de la tarda i la recollida de llibres es far\u00e0 el 4 de juliol al mat\u00ed de 10 a&hellip;  <a href=\"https:\/\/agora.xtec.cat\/iescalgravat\/general\/llibres-per-el-curs-2018-19\/\" title=\"Read LLIBRES PER AL CURS 2018-19\">Llegeix m\u00e9s\u00bb<\/a><\/p>\n","protected":false},"author":1,"featured_media":0,"comment_status":"open","ping_status":"closed","sticky":false,"template":"","format":"standard","meta":{"_bbp_topic_count":0,"_bbp_reply_count":0,"_bbp_total_topic_count":0,"_bbp_total_reply_count":0,"_bbp_voice_count":0,"_bbp_anonymous_reply_count":0,"_bbp_topic_count_hidden":0,"_bbp_reply_count_hidden":0,"_bbp_forum_subforum_count":0,"footnotes":""},"categories":[1],"tags":[],"class_list":["post-1872","post","type-post","status-publish","format-standard","hentry","category-general"],"post_mailing_queue_ids":[],"_links":{"self":[{"href":"https:\/\/agora.xtec.cat\/iescalgravat\/wp-json\/wp\/v2\/posts\/1872","targetHints":{"allow":["GET"]}}],"collection":[{"href":"https:\/\/agora.xtec.cat\/iescalgravat\/wp-json\/wp\/v2\/posts"}],"about":[{"href":"https:\/\/agora.xtec.cat\/iescalgravat\/wp-json\/wp\/v2\/types\/post"}],"author":[{"embeddable":true,"href":"https:\/\/agora.xtec.cat\/iescalgravat\/wp-json\/wp\/v2\/users\/1"}],"replies":[{"embeddable":true,"href":"https:\/\/agora.xtec.cat\/iescalgravat\/wp-json\/wp\/v2\/comments?post=1872"}],"version-history":[{"count":3,"href":"https:\/\/agora.xtec.cat\/iescalgravat\/wp-json\/wp\/v2\/posts\/1872\/revisions"}],"predecessor-version":[{"id":1964,"href":"https:\/\/agora.xtec.cat\/iescalgravat\/wp-json\/wp\/v2\/posts\/1872\/revisions\/1964"}],"wp:attachment":[{"href":"https:\/\/agora.xtec.cat\/iescalgravat\/wp-json\/wp\/v2\/media?parent=1872"}],"wp:term":[{"taxonomy":"category","embeddable":true,"href":"https:\/\/agora.xtec.cat\/iescalgravat\/wp-json\/wp\/v2\/categories?post=1872"},{"taxonomy":"post_tag","embeddable":true,"href":"https:\/\/agora.xtec.cat\/iescalgravat\/wp-json\/wp\/v2\/tags?post=1872"}],"curies":[{"name":"wp","href":"https:\/\/api.w.org\/{rel}","templated":true}]}}