{"id":1865,"date":"2018-06-15T20:00:15","date_gmt":"2018-06-15T18:00:15","guid":{"rendered":"http:\/\/agora.xtec.cat\/iescalgravat\/?p=1865"},"modified":"2018-09-04T11:20:11","modified_gmt":"2018-09-04T09:20:11","slug":"graduacio-2n-batxillerat","status":"publish","type":"post","link":"https:\/\/agora.xtec.cat\/iescalgravat\/general\/graduacio-2n-batxillerat\/","title":{"rendered":"GRADUACI\u00d3 2N BATXILLERAT"},"content":{"rendered":"<p style=\"text-align: justify;\">Dijous 14 de juny al vespre es va realitzar la graduaci\u00f3 dels alumnes de 2n de Batxillerat de la promoci\u00f3 2012-18 amb un fant\u00e0stic sopar i on vam poder gaudir entre altres detalls, del muntatge de v\u00eddeo preparat per les fam\u00edlies, i diferents parlaments tant de l&#8217;alumnat, professorat i pares,.. Felicitats i molta sort a tots ells pel cam\u00ed que a partir d&#8217;ara comen\u00e7aran!!!<\/p>\n<p><a href=\"http:\/\/agora.xtec.cat\/iescalgravat\/wp-content\/uploads\/usu63\/2018\/06\/IMG_3170.jpg\"><img loading=\"lazy\" decoding=\"async\" class=\"aligncenter wp-image-1866 size-medium\" src=\"http:\/\/agora.xtec.cat\/iescalgravat\/wp-content\/uploads\/usu63\/2018\/06\/IMG_3170-e1529085739281-300x225.jpg\" alt=\"\" width=\"300\" height=\"225\" srcset=\"https:\/\/agora.xtec.cat\/iescalgravat\/wp-content\/uploads\/usu63\/2018\/06\/IMG_3170-e1529085739281-300x225.jpg 300w, https:\/\/agora.xtec.cat\/iescalgravat\/wp-content\/uploads\/usu63\/2018\/06\/IMG_3170-e1529085739281-768x576.jpg 768w, https:\/\/agora.xtec.cat\/iescalgravat\/wp-content\/uploads\/usu63\/2018\/06\/IMG_3170-e1529085739281-1024x768.jpg 1024w, https:\/\/agora.xtec.cat\/iescalgravat\/wp-content\/uploads\/usu63\/2018\/06\/IMG_3170-e1529085739281-200x150.jpg 200w\" sizes=\"auto, (max-width: 300px) 100vw, 300px\" \/><\/a><a href=\"http:\/\/agora.xtec.cat\/iescalgravat\/wp-content\/uploads\/usu63\/2018\/06\/Discurs-graduaci\u00f3-Batxi-2018.pdf\" target=\"_blank\" rel=\"noopener noreferrer\">Discurs graduaci\u00f3 Batxillerat 2018<\/a><\/p>\n","protected":false},"excerpt":{"rendered":"<p>Dijous 14 de juny al vespre es va realitzar la graduaci\u00f3 dels alumnes de 2n de Batxillerat de la promoci\u00f3 2012-18 amb un fant\u00e0stic sopar i on vam poder gaudir entre altres detalls, del muntatge de v\u00eddeo preparat per les fam\u00edlies, i diferents parlaments tant&hellip;  <a href=\"https:\/\/agora.xtec.cat\/iescalgravat\/general\/graduacio-2n-batxillerat\/\" title=\"Read GRADUACI\u00d3 2N BATXILLERAT\">Llegeix m\u00e9s\u00bb<\/a><\/p>\n","protected":false},"author":1,"featured_media":1866,"comment_status":"open","ping_status":"closed","sticky":false,"template":"","format":"standard","meta":{"_bbp_topic_count":0,"_bbp_reply_count":0,"_bbp_total_topic_count":0,"_bbp_total_reply_count":0,"_bbp_voice_count":0,"_bbp_anonymous_reply_count":0,"_bbp_topic_count_hidden":0,"_bbp_reply_count_hidden":0,"_bbp_forum_subforum_count":0,"footnotes":""},"categories":[31,8,1],"tags":[],"class_list":["post-1865","post","type-post","status-publish","format-standard","has-post-thumbnail","hentry","category-ampa","category-batxillerat","category-general"],"post_mailing_queue_ids":[],"_links":{"self":[{"href":"https:\/\/agora.xtec.cat\/iescalgravat\/wp-json\/wp\/v2\/posts\/1865","targetHints":{"allow":["GET"]}}],"collection":[{"href":"https:\/\/agora.xtec.cat\/iescalgravat\/wp-json\/wp\/v2\/posts"}],"about":[{"href":"https:\/\/agora.xtec.cat\/iescalgravat\/wp-json\/wp\/v2\/types\/post"}],"author":[{"embeddable":true,"href":"https:\/\/agora.xtec.cat\/iescalgravat\/wp-json\/wp\/v2\/users\/1"}],"replies":[{"embeddable":true,"href":"https:\/\/agora.xtec.cat\/iescalgravat\/wp-json\/wp\/v2\/comments?post=1865"}],"version-history":[{"count":3,"href":"https:\/\/agora.xtec.cat\/iescalgravat\/wp-json\/wp\/v2\/posts\/1865\/revisions"}],"predecessor-version":[{"id":1890,"href":"https:\/\/agora.xtec.cat\/iescalgravat\/wp-json\/wp\/v2\/posts\/1865\/revisions\/1890"}],"wp:featuredmedia":[{"embeddable":true,"href":"https:\/\/agora.xtec.cat\/iescalgravat\/wp-json\/wp\/v2\/media\/1866"}],"wp:attachment":[{"href":"https:\/\/agora.xtec.cat\/iescalgravat\/wp-json\/wp\/v2\/media?parent=1865"}],"wp:term":[{"taxonomy":"category","embeddable":true,"href":"https:\/\/agora.xtec.cat\/iescalgravat\/wp-json\/wp\/v2\/categories?post=1865"},{"taxonomy":"post_tag","embeddable":true,"href":"https:\/\/agora.xtec.cat\/iescalgravat\/wp-json\/wp\/v2\/tags?post=1865"}],"curies":[{"name":"wp","href":"https:\/\/api.w.org\/{rel}","templated":true}]}}