{"id":1851,"date":"2018-06-10T18:44:34","date_gmt":"2018-06-10T16:44:34","guid":{"rendered":"http:\/\/agora.xtec.cat\/iescalgravat\/?p=1851"},"modified":"2018-09-04T11:17:09","modified_gmt":"2018-09-04T09:17:09","slug":"cloenda-programa-laboralia","status":"publish","type":"post","link":"https:\/\/agora.xtec.cat\/iescalgravat\/general\/cloenda-programa-laboralia\/","title":{"rendered":"CLOENDA PROGRAMA LABOR\u00c0LIA"},"content":{"rendered":"<p style=\"text-align: justify;\">Dimarts dia 5 de juny, es va celebrar l\u2019acte de cloenda del programa Labor\u00e0lia impulsat per l\u2019Ajuntament i la Diputaci\u00f3 de Barcelona, en el qual hi han participat un grup d\u2019alumnes de 4t d\u2019ESO del nostre institut.<br \/>\nL\u2019objectiu d\u2019aquest programa \u00e9s familiaritzar i formar l\u2019alumnat en els diferents oficis que s\u2019ofereixen i donar-los l\u2019oportunitat d\u2019acabar l\u2019educaci\u00f3 secund\u00e0ria amb \u00e8xit. Enguany hi han participat 82 alumnes dels diferents instituts de Manresa.<br \/>\nL\u2019acte de cloenda es va celebrar al Sal\u00f3 de Sessions de l\u2019Ajuntament de Manresa amb la pres\u00e8ncia de la regidora de Cultura i Joventut, Anna Crespo; de la regidora d\u2019Ocupaci\u00f3 i Emprenedoria, Cristina Cruz; de la regidora d\u2019Ensenyament i Universitats, Merc\u00e8 Rosich aix\u00ed com tot l\u2019alumnat, professorat i les persones que duen a terme el projecte.Durant l\u2019acte es van lliurar els diplomes als nois i noies participants en el programa i posteriorment es va fer la visita a l\u2019exposici\u00f3 dels seus treballs realitzats en els diferents tallers (administratiu, perruqueria, decoraci\u00f3 i pintura, electricitat, animaci\u00f3 cultural, salut, imatge digital i orientaci\u00f3).<\/p>\n<p>Felicitats!!!<\/p>\n<p><a href=\"http:\/\/agora.xtec.cat\/iescalgravat\/wp-content\/uploads\/usu63\/2018\/06\/laboralia-2018.jpg\"><img loading=\"lazy\" decoding=\"async\" class=\"aligncenter wp-image-1852\" src=\"http:\/\/agora.xtec.cat\/iescalgravat\/wp-content\/uploads\/usu63\/2018\/06\/laboralia-2018-300x195.jpg\" alt=\"\" width=\"323\" height=\"210\" srcset=\"https:\/\/agora.xtec.cat\/iescalgravat\/wp-content\/uploads\/usu63\/2018\/06\/laboralia-2018-300x195.jpg 300w, https:\/\/agora.xtec.cat\/iescalgravat\/wp-content\/uploads\/usu63\/2018\/06\/laboralia-2018-768x499.jpg 768w, https:\/\/agora.xtec.cat\/iescalgravat\/wp-content\/uploads\/usu63\/2018\/06\/laboralia-2018-1024x666.jpg 1024w, https:\/\/agora.xtec.cat\/iescalgravat\/wp-content\/uploads\/usu63\/2018\/06\/laboralia-2018.jpg 1200w\" sizes=\"auto, (max-width: 323px) 100vw, 323px\" \/><\/a><\/p>\n","protected":false},"excerpt":{"rendered":"<p>Dimarts dia 5 de juny, es va celebrar l\u2019acte de cloenda del programa Labor\u00e0lia impulsat per l\u2019Ajuntament i la Diputaci\u00f3 de Barcelona, en el qual hi han participat un grup d\u2019alumnes de 4t d\u2019ESO del nostre institut.<br \/>\nL\u2019objectiu d\u2019aquest programa \u00e9s familiaritzar i formar l\u2019alumnat en&hellip;  <a href=\"https:\/\/agora.xtec.cat\/iescalgravat\/general\/cloenda-programa-laboralia\/\" title=\"Read CLOENDA PROGRAMA LABOR\u00c0LIA\">Llegeix m\u00e9s\u00bb<\/a><\/p>\n","protected":false},"author":1,"featured_media":1852,"comment_status":"open","ping_status":"closed","sticky":false,"template":"","format":"standard","meta":{"_bbp_topic_count":0,"_bbp_reply_count":0,"_bbp_total_topic_count":0,"_bbp_total_reply_count":0,"_bbp_voice_count":0,"_bbp_anonymous_reply_count":0,"_bbp_topic_count_hidden":0,"_bbp_reply_count_hidden":0,"_bbp_forum_subforum_count":0,"footnotes":""},"categories":[7,1],"tags":[],"class_list":["post-1851","post","type-post","status-publish","format-standard","has-post-thumbnail","hentry","category-eso-4","category-general"],"post_mailing_queue_ids":[],"_links":{"self":[{"href":"https:\/\/agora.xtec.cat\/iescalgravat\/wp-json\/wp\/v2\/posts\/1851","targetHints":{"allow":["GET"]}}],"collection":[{"href":"https:\/\/agora.xtec.cat\/iescalgravat\/wp-json\/wp\/v2\/posts"}],"about":[{"href":"https:\/\/agora.xtec.cat\/iescalgravat\/wp-json\/wp\/v2\/types\/post"}],"author":[{"embeddable":true,"href":"https:\/\/agora.xtec.cat\/iescalgravat\/wp-json\/wp\/v2\/users\/1"}],"replies":[{"embeddable":true,"href":"https:\/\/agora.xtec.cat\/iescalgravat\/wp-json\/wp\/v2\/comments?post=1851"}],"version-history":[{"count":3,"href":"https:\/\/agora.xtec.cat\/iescalgravat\/wp-json\/wp\/v2\/posts\/1851\/revisions"}],"predecessor-version":[{"id":1855,"href":"https:\/\/agora.xtec.cat\/iescalgravat\/wp-json\/wp\/v2\/posts\/1851\/revisions\/1855"}],"wp:featuredmedia":[{"embeddable":true,"href":"https:\/\/agora.xtec.cat\/iescalgravat\/wp-json\/wp\/v2\/media\/1852"}],"wp:attachment":[{"href":"https:\/\/agora.xtec.cat\/iescalgravat\/wp-json\/wp\/v2\/media?parent=1851"}],"wp:term":[{"taxonomy":"category","embeddable":true,"href":"https:\/\/agora.xtec.cat\/iescalgravat\/wp-json\/wp\/v2\/categories?post=1851"},{"taxonomy":"post_tag","embeddable":true,"href":"https:\/\/agora.xtec.cat\/iescalgravat\/wp-json\/wp\/v2\/tags?post=1851"}],"curies":[{"name":"wp","href":"https:\/\/api.w.org\/{rel}","templated":true}]}}