{"id":1846,"date":"2018-06-09T21:08:32","date_gmt":"2018-06-09T19:08:32","guid":{"rendered":"http:\/\/agora.xtec.cat\/iescalgravat\/?p=1846"},"modified":"2018-09-04T11:17:50","modified_gmt":"2018-09-04T09:17:50","slug":"congres-al-cosmocaixa-de-barcelona-projecte-coresponsavihlitat","status":"publish","type":"post","link":"https:\/\/agora.xtec.cat\/iescalgravat\/general\/congres-al-cosmocaixa-de-barcelona-projecte-coresponsavihlitat\/","title":{"rendered":"Congr\u00e9s al CosmoCaixa de Barcelona. Projecte CoResponsaVIHlitat"},"content":{"rendered":"<p style=\"text-align: justify;\">Dimecres 6 de juny, l\u2019alumnat de Biologia i Geologia de 4t d\u2019ESO hem participat al congr\u00e9s final on els tretze centres hem posat en com\u00fa els resultats de la nostra recerca i les accions dutes a terme a partir de les conclusions assolides, en el marc del Projecte de Recerca Participativa organitzat per Edulab. La nostra l\u00ednia d\u2019investigaci\u00f3 ha estat <strong>Estigma i VIH<\/strong>.<\/p>\n<p style=\"text-align: justify;\">Durant la jornada, tamb\u00e9 s\u2019han fet xerrades d\u2019experts en diferents \u00e0mbits, sobretot de salut p\u00fablica. Ha obert l\u2019acte el Dr. Bonaventura Clotet, director de l&#8217;Institut de Recerca de la Sida IrsiCaixa des del 1995, entre altres responsabilitats professionals.<\/p>\n<p style=\"text-align: justify;\">Han participat, en nom de tots, en Noah, la N\u00eddia, l\u2019Oriol, l\u2019Adri\u00e0 i l\u2019Il\u00edas. Enhorabona per haver explicat tant b\u00e9 la feina feta durant aquest trimestre! I tamb\u00e9 a la Zoe pel mural!<\/p>\n<p style=\"text-align: justify;\">Alumnat de 4t d\u2019ESO de Biologia i Geologia<\/p>\n<p><a href=\"http:\/\/agora.xtec.cat\/iescalgravat\/wp-content\/uploads\/usu63\/2018\/06\/Congr\u00e9s5.jpg\"><img loading=\"lazy\" decoding=\"async\" class=\"size-medium wp-image-1847 alignleft\" src=\"http:\/\/agora.xtec.cat\/iescalgravat\/wp-content\/uploads\/usu63\/2018\/06\/Congr\u00e9s5-300x169.jpg\" alt=\"\" width=\"300\" height=\"169\" srcset=\"https:\/\/agora.xtec.cat\/iescalgravat\/wp-content\/uploads\/usu63\/2018\/06\/Congr\u00e9s5-300x169.jpg 300w, https:\/\/agora.xtec.cat\/iescalgravat\/wp-content\/uploads\/usu63\/2018\/06\/Congr\u00e9s5-768x432.jpg 768w, https:\/\/agora.xtec.cat\/iescalgravat\/wp-content\/uploads\/usu63\/2018\/06\/Congr\u00e9s5-1024x576.jpg 1024w, https:\/\/agora.xtec.cat\/iescalgravat\/wp-content\/uploads\/usu63\/2018\/06\/Congr\u00e9s5.jpg 1600w\" sizes=\"auto, (max-width: 300px) 100vw, 300px\" \/><\/a> <a href=\"http:\/\/agora.xtec.cat\/iescalgravat\/wp-content\/uploads\/usu63\/2018\/06\/Congr\u00e9s10.jpg\"><img loading=\"lazy\" decoding=\"async\" class=\"size-medium wp-image-1848 alignright\" src=\"http:\/\/agora.xtec.cat\/iescalgravat\/wp-content\/uploads\/usu63\/2018\/06\/Congr\u00e9s10-300x169.jpg\" alt=\"\" width=\"300\" height=\"169\" srcset=\"https:\/\/agora.xtec.cat\/iescalgravat\/wp-content\/uploads\/usu63\/2018\/06\/Congr\u00e9s10-300x169.jpg 300w, https:\/\/agora.xtec.cat\/iescalgravat\/wp-content\/uploads\/usu63\/2018\/06\/Congr\u00e9s10-768x432.jpg 768w, https:\/\/agora.xtec.cat\/iescalgravat\/wp-content\/uploads\/usu63\/2018\/06\/Congr\u00e9s10-1024x576.jpg 1024w, https:\/\/agora.xtec.cat\/iescalgravat\/wp-content\/uploads\/usu63\/2018\/06\/Congr\u00e9s10.jpg 1600w\" sizes=\"auto, (max-width: 300px) 100vw, 300px\" \/><\/a><\/p>\n","protected":false},"excerpt":{"rendered":"<p>Dimecres 6 de juny, l\u2019alumnat de Biologia i Geologia de 4t d\u2019ESO hem participat al congr\u00e9s final on els tretze centres hem posat en com\u00fa els resultats de la nostra recerca i les accions dutes a terme a partir de les conclusions assolides, en el&hellip;  <a href=\"https:\/\/agora.xtec.cat\/iescalgravat\/general\/congres-al-cosmocaixa-de-barcelona-projecte-coresponsavihlitat\/\" title=\"Read Congr\u00e9s al CosmoCaixa de Barcelona. Projecte CoResponsaVIHlitat\">Llegeix m\u00e9s\u00bb<\/a><\/p>\n","protected":false},"author":1,"featured_media":1848,"comment_status":"open","ping_status":"closed","sticky":false,"template":"","format":"standard","meta":{"_bbp_topic_count":0,"_bbp_reply_count":0,"_bbp_total_topic_count":0,"_bbp_total_reply_count":0,"_bbp_voice_count":0,"_bbp_anonymous_reply_count":0,"_bbp_topic_count_hidden":0,"_bbp_reply_count_hidden":0,"_bbp_forum_subforum_count":0,"footnotes":""},"categories":[7,1],"tags":[],"class_list":["post-1846","post","type-post","status-publish","format-standard","has-post-thumbnail","hentry","category-eso-4","category-general"],"post_mailing_queue_ids":[],"_links":{"self":[{"href":"https:\/\/agora.xtec.cat\/iescalgravat\/wp-json\/wp\/v2\/posts\/1846","targetHints":{"allow":["GET"]}}],"collection":[{"href":"https:\/\/agora.xtec.cat\/iescalgravat\/wp-json\/wp\/v2\/posts"}],"about":[{"href":"https:\/\/agora.xtec.cat\/iescalgravat\/wp-json\/wp\/v2\/types\/post"}],"author":[{"embeddable":true,"href":"https:\/\/agora.xtec.cat\/iescalgravat\/wp-json\/wp\/v2\/users\/1"}],"replies":[{"embeddable":true,"href":"https:\/\/agora.xtec.cat\/iescalgravat\/wp-json\/wp\/v2\/comments?post=1846"}],"version-history":[{"count":2,"href":"https:\/\/agora.xtec.cat\/iescalgravat\/wp-json\/wp\/v2\/posts\/1846\/revisions"}],"predecessor-version":[{"id":1850,"href":"https:\/\/agora.xtec.cat\/iescalgravat\/wp-json\/wp\/v2\/posts\/1846\/revisions\/1850"}],"wp:featuredmedia":[{"embeddable":true,"href":"https:\/\/agora.xtec.cat\/iescalgravat\/wp-json\/wp\/v2\/media\/1848"}],"wp:attachment":[{"href":"https:\/\/agora.xtec.cat\/iescalgravat\/wp-json\/wp\/v2\/media?parent=1846"}],"wp:term":[{"taxonomy":"category","embeddable":true,"href":"https:\/\/agora.xtec.cat\/iescalgravat\/wp-json\/wp\/v2\/categories?post=1846"},{"taxonomy":"post_tag","embeddable":true,"href":"https:\/\/agora.xtec.cat\/iescalgravat\/wp-json\/wp\/v2\/tags?post=1846"}],"curies":[{"name":"wp","href":"https:\/\/api.w.org\/{rel}","templated":true}]}}