{"id":1774,"date":"2018-06-04T17:20:24","date_gmt":"2018-06-04T15:20:24","guid":{"rendered":"http:\/\/agora.xtec.cat\/iescalgravat\/?p=1774"},"modified":"2018-09-04T11:21:20","modified_gmt":"2018-09-04T09:21:20","slug":"colonies-de-2on-deso-a-camprodon","status":"publish","type":"post","link":"https:\/\/agora.xtec.cat\/iescalgravat\/general\/colonies-de-2on-deso-a-camprodon\/","title":{"rendered":"COL\u00d2NIES DE 2on D&#8217;ESO A CAMPRODON"},"content":{"rendered":"<p style=\"text-align: justify;\">Els alumnes de 2on d&#8217;ESO que fan 3 dies de col\u00f2nies a Camprodon ja estan situats i han comen\u00e7at les activitats. Aquestes col\u00f2nies es realitzen dins del seu Treball de S\u00edntesi i estan enfocades a treballar els esports d&#8217;aventura.<\/p>\n<p><a href=\"http:\/\/agora.xtec.cat\/iescalgravat\/wp-content\/uploads\/usu63\/2018\/06\/PHOTO-2018-06-04-11-40-55.jpg\"><img loading=\"lazy\" decoding=\"async\" class=\"size-medium wp-image-1775 alignright\" src=\"http:\/\/agora.xtec.cat\/iescalgravat\/wp-content\/uploads\/usu63\/2018\/06\/PHOTO-2018-06-04-11-40-55-300x225.jpg\" alt=\"\" width=\"300\" height=\"225\" srcset=\"https:\/\/agora.xtec.cat\/iescalgravat\/wp-content\/uploads\/usu63\/2018\/06\/PHOTO-2018-06-04-11-40-55-300x225.jpg 300w, https:\/\/agora.xtec.cat\/iescalgravat\/wp-content\/uploads\/usu63\/2018\/06\/PHOTO-2018-06-04-11-40-55-768x576.jpg 768w, https:\/\/agora.xtec.cat\/iescalgravat\/wp-content\/uploads\/usu63\/2018\/06\/PHOTO-2018-06-04-11-40-55-1024x768.jpg 1024w, https:\/\/agora.xtec.cat\/iescalgravat\/wp-content\/uploads\/usu63\/2018\/06\/PHOTO-2018-06-04-11-40-55-200x150.jpg 200w, https:\/\/agora.xtec.cat\/iescalgravat\/wp-content\/uploads\/usu63\/2018\/06\/PHOTO-2018-06-04-11-40-55.jpg 1600w\" sizes=\"auto, (max-width: 300px) 100vw, 300px\" \/><\/a> <a href=\"http:\/\/agora.xtec.cat\/iescalgravat\/wp-content\/uploads\/usu63\/2018\/06\/PHOTO-2018-06-04-11-38-11.jpg\"><img loading=\"lazy\" decoding=\"async\" class=\"size-medium wp-image-1776 alignleft\" src=\"http:\/\/agora.xtec.cat\/iescalgravat\/wp-content\/uploads\/usu63\/2018\/06\/PHOTO-2018-06-04-11-38-11-300x169.jpg\" alt=\"\" width=\"300\" height=\"169\" srcset=\"https:\/\/agora.xtec.cat\/iescalgravat\/wp-content\/uploads\/usu63\/2018\/06\/PHOTO-2018-06-04-11-38-11-300x169.jpg 300w, https:\/\/agora.xtec.cat\/iescalgravat\/wp-content\/uploads\/usu63\/2018\/06\/PHOTO-2018-06-04-11-38-11-768x432.jpg 768w, https:\/\/agora.xtec.cat\/iescalgravat\/wp-content\/uploads\/usu63\/2018\/06\/PHOTO-2018-06-04-11-38-11-1024x576.jpg 1024w, https:\/\/agora.xtec.cat\/iescalgravat\/wp-content\/uploads\/usu63\/2018\/06\/PHOTO-2018-06-04-11-38-11.jpg 1600w\" sizes=\"auto, (max-width: 300px) 100vw, 300px\" \/><\/a><\/p>\n","protected":false},"excerpt":{"rendered":"<p>Els alumnes de 2on d&#8217;ESO que fan 3 dies de col\u00f2nies a Camprodon ja estan situats i han comen\u00e7at les activitats. Aquestes col\u00f2nies es realitzen dins del seu Treball de S\u00edntesi i estan enfocades a treballar els esports d&#8217;aventura.<br \/>\n<a href=\"http:\/\/agora.xtec.cat\/iescalgravat\/wp-content\/uploads\/usu63\/2018\/06\/PHOTO-2018-06-04-11-40-55.jpg\"><\/a> <a href=\"http:\/\/agora.xtec.cat\/iescalgravat\/wp-content\/uploads\/usu63\/2018\/06\/PHOTO-2018-06-04-11-38-11.jpg\"><\/a><\/p>\n","protected":false},"author":1,"featured_media":0,"comment_status":"open","ping_status":"closed","sticky":false,"template":"","format":"standard","meta":{"_bbp_topic_count":0,"_bbp_reply_count":0,"_bbp_total_topic_count":0,"_bbp_total_reply_count":0,"_bbp_voice_count":0,"_bbp_anonymous_reply_count":0,"_bbp_topic_count_hidden":0,"_bbp_reply_count_hidden":0,"_bbp_forum_subforum_count":0,"footnotes":""},"categories":[5,1],"tags":[],"class_list":["post-1774","post","type-post","status-publish","format-standard","hentry","category-eso-2","category-general"],"post_mailing_queue_ids":[],"_links":{"self":[{"href":"https:\/\/agora.xtec.cat\/iescalgravat\/wp-json\/wp\/v2\/posts\/1774","targetHints":{"allow":["GET"]}}],"collection":[{"href":"https:\/\/agora.xtec.cat\/iescalgravat\/wp-json\/wp\/v2\/posts"}],"about":[{"href":"https:\/\/agora.xtec.cat\/iescalgravat\/wp-json\/wp\/v2\/types\/post"}],"author":[{"embeddable":true,"href":"https:\/\/agora.xtec.cat\/iescalgravat\/wp-json\/wp\/v2\/users\/1"}],"replies":[{"embeddable":true,"href":"https:\/\/agora.xtec.cat\/iescalgravat\/wp-json\/wp\/v2\/comments?post=1774"}],"version-history":[{"count":2,"href":"https:\/\/agora.xtec.cat\/iescalgravat\/wp-json\/wp\/v2\/posts\/1774\/revisions"}],"predecessor-version":[{"id":1792,"href":"https:\/\/agora.xtec.cat\/iescalgravat\/wp-json\/wp\/v2\/posts\/1774\/revisions\/1792"}],"wp:attachment":[{"href":"https:\/\/agora.xtec.cat\/iescalgravat\/wp-json\/wp\/v2\/media?parent=1774"}],"wp:term":[{"taxonomy":"category","embeddable":true,"href":"https:\/\/agora.xtec.cat\/iescalgravat\/wp-json\/wp\/v2\/categories?post=1774"},{"taxonomy":"post_tag","embeddable":true,"href":"https:\/\/agora.xtec.cat\/iescalgravat\/wp-json\/wp\/v2\/tags?post=1774"}],"curies":[{"name":"wp","href":"https:\/\/api.w.org\/{rel}","templated":true}]}}