{"id":1701,"date":"2018-05-11T18:49:26","date_gmt":"2018-05-11T16:49:26","guid":{"rendered":"http:\/\/agora.xtec.cat\/iescalgravat\/?p=1701"},"modified":"2018-09-04T11:24:16","modified_gmt":"2018-09-04T09:24:16","slug":"premiats-per-la-barcelonada","status":"publish","type":"post","link":"https:\/\/agora.xtec.cat\/iescalgravat\/general\/premiats-per-la-barcelonada\/","title":{"rendered":"PREMIATS PER LA BARCELONADA"},"content":{"rendered":"<blockquote>\n<div>\n<div dir=\"ltr\">\n<div style=\"text-align: justify;\">L&#8217;alumne de 4t d&#8217;ESO, Noah M\u00e1rquez, va recollir a l&#8217;Escola d&#8217;Enginyeria de la Universitat Aut\u00f2noma de Barcelona el <strong>1r premi a la millor imatge lliure<\/strong> de la<strong> VI edici\u00f3 de\u00a0 la Barcelonada<\/strong>, enmarcada en el World Mobile City Project.<\/div>\n<div style=\"text-align: justify;\">El premi consisteix en un lector Kindle de llibres digitals per a cadascun dels membres del seu equip.<\/div>\n<div><a href=\"http:\/\/agora.xtec.cat\/iescalgravat\/wp-content\/uploads\/usu63\/2018\/05\/Premis_Barcelonada_UAB-50.jpg\"><img loading=\"lazy\" decoding=\"async\" class=\"aligncenter size-medium wp-image-1702\" src=\"http:\/\/agora.xtec.cat\/iescalgravat\/wp-content\/uploads\/usu63\/2018\/05\/Premis_Barcelonada_UAB-50-300x199.jpg\" alt=\"\" width=\"300\" height=\"199\" srcset=\"https:\/\/agora.xtec.cat\/iescalgravat\/wp-content\/uploads\/usu63\/2018\/05\/Premis_Barcelonada_UAB-50-300x199.jpg 300w, https:\/\/agora.xtec.cat\/iescalgravat\/wp-content\/uploads\/usu63\/2018\/05\/Premis_Barcelonada_UAB-50-768x508.jpg 768w, https:\/\/agora.xtec.cat\/iescalgravat\/wp-content\/uploads\/usu63\/2018\/05\/Premis_Barcelonada_UAB-50.jpg 1009w\" sizes=\"auto, (max-width: 300px) 100vw, 300px\" \/><\/a><\/div>\n<\/div>\n<\/div>\n<\/blockquote>\n","protected":false},"excerpt":{"rendered":"<p>L&#8217;alumne de 4t d&#8217;ESO, Noah M\u00e1rquez, va recollir a l&#8217;Escola d&#8217;Enginyeria de la Universitat Aut\u00f2noma de Barcelona el 1r premi a la millor imatge lliure de la VI edici\u00f3 de\u00a0 la Barcelonada, enmarcada en el World Mobile City Project.<br \/>\nEl premi consisteix en un lector Kindle&hellip;  <a href=\"https:\/\/agora.xtec.cat\/iescalgravat\/general\/premiats-per-la-barcelonada\/\" title=\"Read PREMIATS PER LA BARCELONADA\">Llegeix m\u00e9s\u00bb<\/a><\/p>\n","protected":false},"author":1,"featured_media":0,"comment_status":"open","ping_status":"closed","sticky":false,"template":"","format":"standard","meta":{"_bbp_topic_count":0,"_bbp_reply_count":0,"_bbp_total_topic_count":0,"_bbp_total_reply_count":0,"_bbp_voice_count":0,"_bbp_anonymous_reply_count":0,"_bbp_topic_count_hidden":0,"_bbp_reply_count_hidden":0,"_bbp_forum_subforum_count":0,"footnotes":""},"categories":[31,7,1],"tags":[],"class_list":["post-1701","post","type-post","status-publish","format-standard","hentry","category-ampa","category-eso-4","category-general"],"post_mailing_queue_ids":[],"_links":{"self":[{"href":"https:\/\/agora.xtec.cat\/iescalgravat\/wp-json\/wp\/v2\/posts\/1701","targetHints":{"allow":["GET"]}}],"collection":[{"href":"https:\/\/agora.xtec.cat\/iescalgravat\/wp-json\/wp\/v2\/posts"}],"about":[{"href":"https:\/\/agora.xtec.cat\/iescalgravat\/wp-json\/wp\/v2\/types\/post"}],"author":[{"embeddable":true,"href":"https:\/\/agora.xtec.cat\/iescalgravat\/wp-json\/wp\/v2\/users\/1"}],"replies":[{"embeddable":true,"href":"https:\/\/agora.xtec.cat\/iescalgravat\/wp-json\/wp\/v2\/comments?post=1701"}],"version-history":[{"count":2,"href":"https:\/\/agora.xtec.cat\/iescalgravat\/wp-json\/wp\/v2\/posts\/1701\/revisions"}],"predecessor-version":[{"id":1710,"href":"https:\/\/agora.xtec.cat\/iescalgravat\/wp-json\/wp\/v2\/posts\/1701\/revisions\/1710"}],"wp:attachment":[{"href":"https:\/\/agora.xtec.cat\/iescalgravat\/wp-json\/wp\/v2\/media?parent=1701"}],"wp:term":[{"taxonomy":"category","embeddable":true,"href":"https:\/\/agora.xtec.cat\/iescalgravat\/wp-json\/wp\/v2\/categories?post=1701"},{"taxonomy":"post_tag","embeddable":true,"href":"https:\/\/agora.xtec.cat\/iescalgravat\/wp-json\/wp\/v2\/tags?post=1701"}],"curies":[{"name":"wp","href":"https:\/\/api.w.org\/{rel}","templated":true}]}}