{"id":1655,"date":"2018-05-08T12:36:57","date_gmt":"2018-05-08T10:36:57","guid":{"rendered":"http:\/\/agora.xtec.cat\/iescalgravat\/?p=1655"},"modified":"2018-09-04T11:25:52","modified_gmt":"2018-09-04T09:25:52","slug":"catarina-farinha-classificada-a-lolimpiada-deconomia","status":"publish","type":"post","link":"https:\/\/agora.xtec.cat\/iescalgravat\/general\/catarina-farinha-classificada-a-lolimpiada-deconomia\/","title":{"rendered":"CATARINA FARINHA CLASSIFICADA A L&#8217;OLIMP\u00cdADA D&#8217;ECONOMIA"},"content":{"rendered":"<div class=\"cuerpo_noticia\">\n<div><\/div>\n<p style=\"text-align: justify;\">L&#8217;alumna <em><strong>Catarina Farinha de 2n de Batxillerat B<\/strong><\/em>, ha quedat <em><strong>2a a la Fase Local de l&#8217;Olimp\u00edada d<a href=\"http:\/\/agora.xtec.cat\/iescalgravat\/wp-content\/uploads\/usu63\/2018\/05\/IMG_3012-e1525776621739.jpg\"><img loading=\"lazy\" decoding=\"async\" class=\" wp-image-1657 alignright\" src=\"http:\/\/agora.xtec.cat\/iescalgravat\/wp-content\/uploads\/usu63\/2018\/05\/IMG_3012-300x225.jpg\" alt=\"\" width=\"227\" height=\"171\" \/><\/a>&#8216;Economia<\/strong><\/em> i s&#8217;ha guanyat al dret a ser a la final estatal. La facultat d&#8217;Economia i Empresa (FEE) de la UAB ha organitzat una de les tres Fases Locals a la prov\u00edncia de Barcelona de l&#8217;Olimp\u00edada, un concurs acad\u00e8mic d&#8217;\u00e0mbit estatal, que t\u00e9 com a objectiu estimular i fomentar l&#8217;estudi de l&#8217;economia i de l&#8217;empresa entre els joves. La Fase Local de l&#8217;Olimp\u00edada est\u00e0 dirigida als estudiants d&#8217;Economia de l&#8217;Empresa de segon de batxillerat dels instituts i centres de secund\u00e0ria de la prov\u00edncia de Barcelona, p\u00fablics o privats, que les comissions organitzadores de les universitats participants hagin assignat a la UAB. L&#8217;objectiu \u00e9s seleccionar els tres estudiants que participaran a la fase estatal que enguany se celebrar\u00e0 a Santiago de Compostel\u00b7la els dies 25, 26 i 27 de juny.<\/p>\n<p style=\"text-align: justify;\"><em><strong>ENHORABONA i QUE DISFRUTIS DE L&#8217;EXPERI\u00c8NCIA!!<\/strong><\/em><\/p>\n<p style=\"text-align: justify;\">\n<\/div>\n","protected":false},"excerpt":{"rendered":"<p>L&#8217;alumna Catarina Farinha de 2n de Batxillerat B, ha quedat 2a a la Fase Local de l&#8217;Olimp\u00edada d<a href=\"http:\/\/agora.xtec.cat\/iescalgravat\/wp-content\/uploads\/usu63\/2018\/05\/IMG_3012-e1525776621739.jpg\"><\/a>&#8216;Economia i s&#8217;ha guanyat al dret a ser a la final estatal. La facultat d&#8217;Economia i Empresa (FEE) de la UAB ha organitzat una de les tres&hellip;  <a href=\"https:\/\/agora.xtec.cat\/iescalgravat\/general\/catarina-farinha-classificada-a-lolimpiada-deconomia\/\" title=\"Read CATARINA FARINHA CLASSIFICADA A L&#8217;OLIMP\u00cdADA D&#8217;ECONOMIA\">Llegeix m\u00e9s\u00bb<\/a><\/p>\n","protected":false},"author":1,"featured_media":0,"comment_status":"open","ping_status":"closed","sticky":false,"template":"","format":"standard","meta":{"_bbp_topic_count":0,"_bbp_reply_count":0,"_bbp_total_topic_count":0,"_bbp_total_reply_count":0,"_bbp_voice_count":0,"_bbp_anonymous_reply_count":0,"_bbp_topic_count_hidden":0,"_bbp_reply_count_hidden":0,"_bbp_forum_subforum_count":0,"footnotes":""},"categories":[8,1],"tags":[],"class_list":["post-1655","post","type-post","status-publish","format-standard","hentry","category-batxillerat","category-general"],"post_mailing_queue_ids":[],"_links":{"self":[{"href":"https:\/\/agora.xtec.cat\/iescalgravat\/wp-json\/wp\/v2\/posts\/1655","targetHints":{"allow":["GET"]}}],"collection":[{"href":"https:\/\/agora.xtec.cat\/iescalgravat\/wp-json\/wp\/v2\/posts"}],"about":[{"href":"https:\/\/agora.xtec.cat\/iescalgravat\/wp-json\/wp\/v2\/types\/post"}],"author":[{"embeddable":true,"href":"https:\/\/agora.xtec.cat\/iescalgravat\/wp-json\/wp\/v2\/users\/1"}],"replies":[{"embeddable":true,"href":"https:\/\/agora.xtec.cat\/iescalgravat\/wp-json\/wp\/v2\/comments?post=1655"}],"version-history":[{"count":4,"href":"https:\/\/agora.xtec.cat\/iescalgravat\/wp-json\/wp\/v2\/posts\/1655\/revisions"}],"predecessor-version":[{"id":1658,"href":"https:\/\/agora.xtec.cat\/iescalgravat\/wp-json\/wp\/v2\/posts\/1655\/revisions\/1658"}],"wp:attachment":[{"href":"https:\/\/agora.xtec.cat\/iescalgravat\/wp-json\/wp\/v2\/media?parent=1655"}],"wp:term":[{"taxonomy":"category","embeddable":true,"href":"https:\/\/agora.xtec.cat\/iescalgravat\/wp-json\/wp\/v2\/categories?post=1655"},{"taxonomy":"post_tag","embeddable":true,"href":"https:\/\/agora.xtec.cat\/iescalgravat\/wp-json\/wp\/v2\/tags?post=1655"}],"curies":[{"name":"wp","href":"https:\/\/api.w.org\/{rel}","templated":true}]}}