{"id":1639,"date":"2018-05-02T17:52:21","date_gmt":"2018-05-02T15:52:21","guid":{"rendered":"http:\/\/agora.xtec.cat\/iescalgravat\/?p=1639"},"modified":"2018-05-28T12:44:29","modified_gmt":"2018-05-28T10:44:29","slug":"projecte-de-vida-de-4rt-deso-amb-el-marc-buxaderas","status":"publish","type":"post","link":"https:\/\/agora.xtec.cat\/iescalgravat\/general\/projecte-de-vida-de-4rt-deso-amb-el-marc-buxaderas\/","title":{"rendered":"PROJECTE DE VIDA DE 4rt D&#8217;ESO AMB EL MARC BUXADERAS"},"content":{"rendered":"<div style=\"text-align: justify;\">La setmana passada vam fer la Setmana Cultural al nostre institut, i els alumnes de 4rt d&#8217; ESO van haver de realitzar en grups el <strong>Projecte de Vida<\/strong>, amb l&#8217;objectiu d&#8217;acabar de rumiar, treballar\u00a0 i decidir el seu futur una vegada acabada l&#8217;etapa educativa obligat\u00f2ria.<\/div>\n<div style=\"text-align: justify;\">Una de les activitats que es van portar a terme a la nostra biblioteca va ser una xerrada del <em>Marc Buxaderas<\/em>, un noi manres\u00e0 de 18 anys que pateix par\u00e0lisi cerebral, i que malgrat les seves dificultats, es dedica a fer mon\u00f2legs i xerrades.<\/div>\n<div style=\"text-align: justify;\">Als nostres alumnes els va animar molt a &#8220;no tirar mai la tovallola&#8221; en moments de dubtes, a tenir forces sempre per anar endavant, malgrat ara han de prendre\u00a0 importants decisions pel seu futur. I tot aix\u00f2 amb una gran dosi d&#8217;humor.<\/div>\n<div style=\"text-align: justify;\">Va ser, senzillament, una xerrada impactant on a tots ens va deixar bocabadats.<\/div>\n<div style=\"text-align: justify;\">Moltes gr\u00e0cies Marc per encomanar-nos una mica de la teva empenta i fermesa!!!!<\/div>\n<div><a href=\"http:\/\/agora.xtec.cat\/iescalgravat\/wp-content\/uploads\/usu63\/2018\/05\/2018-04-24-PHOTO-00000563.jpg\"><img loading=\"lazy\" decoding=\"async\" class=\" wp-image-1640 alignleft\" src=\"http:\/\/agora.xtec.cat\/iescalgravat\/wp-content\/uploads\/usu63\/2018\/05\/2018-04-24-PHOTO-00000563-300x225.jpg\" alt=\"\" width=\"231\" height=\"173\" srcset=\"https:\/\/agora.xtec.cat\/iescalgravat\/wp-content\/uploads\/usu63\/2018\/05\/2018-04-24-PHOTO-00000563-300x225.jpg 300w, https:\/\/agora.xtec.cat\/iescalgravat\/wp-content\/uploads\/usu63\/2018\/05\/2018-04-24-PHOTO-00000563-768x576.jpg 768w, https:\/\/agora.xtec.cat\/iescalgravat\/wp-content\/uploads\/usu63\/2018\/05\/2018-04-24-PHOTO-00000563-1024x768.jpg 1024w, https:\/\/agora.xtec.cat\/iescalgravat\/wp-content\/uploads\/usu63\/2018\/05\/2018-04-24-PHOTO-00000563-200x150.jpg 200w, https:\/\/agora.xtec.cat\/iescalgravat\/wp-content\/uploads\/usu63\/2018\/05\/2018-04-24-PHOTO-00000563.jpg 1600w\" sizes=\"auto, (max-width: 231px) 100vw, 231px\" \/><\/a> <a href=\"http:\/\/agora.xtec.cat\/iescalgravat\/wp-content\/uploads\/usu63\/2018\/05\/2018-04-24-PHOTO-00000571.jpg\"><img loading=\"lazy\" decoding=\"async\" class=\"wp-image-1641 alignleft\" src=\"http:\/\/agora.xtec.cat\/iescalgravat\/wp-content\/uploads\/usu63\/2018\/05\/2018-04-24-PHOTO-00000571-300x225.jpg\" alt=\"\" width=\"241\" height=\"181\" srcset=\"https:\/\/agora.xtec.cat\/iescalgravat\/wp-content\/uploads\/usu63\/2018\/05\/2018-04-24-PHOTO-00000571-300x225.jpg 300w, https:\/\/agora.xtec.cat\/iescalgravat\/wp-content\/uploads\/usu63\/2018\/05\/2018-04-24-PHOTO-00000571-768x576.jpg 768w, https:\/\/agora.xtec.cat\/iescalgravat\/wp-content\/uploads\/usu63\/2018\/05\/2018-04-24-PHOTO-00000571-1024x768.jpg 1024w, https:\/\/agora.xtec.cat\/iescalgravat\/wp-content\/uploads\/usu63\/2018\/05\/2018-04-24-PHOTO-00000571-200x150.jpg 200w, https:\/\/agora.xtec.cat\/iescalgravat\/wp-content\/uploads\/usu63\/2018\/05\/2018-04-24-PHOTO-00000571.jpg 1600w\" sizes=\"auto, (max-width: 241px) 100vw, 241px\" \/><\/a><a href=\"http:\/\/agora.xtec.cat\/iescalgravat\/wp-content\/uploads\/usu63\/2018\/05\/2018-04-24-PHOTO-00000567.jpg\"><img loading=\"lazy\" decoding=\"async\" class=\"wp-image-1642 alignnone\" src=\"http:\/\/agora.xtec.cat\/iescalgravat\/wp-content\/uploads\/usu63\/2018\/05\/2018-04-24-PHOTO-00000567-300x225.jpg\" alt=\"\" width=\"259\" height=\"194\" srcset=\"https:\/\/agora.xtec.cat\/iescalgravat\/wp-content\/uploads\/usu63\/2018\/05\/2018-04-24-PHOTO-00000567-300x225.jpg 300w, https:\/\/agora.xtec.cat\/iescalgravat\/wp-content\/uploads\/usu63\/2018\/05\/2018-04-24-PHOTO-00000567-768x576.jpg 768w, https:\/\/agora.xtec.cat\/iescalgravat\/wp-content\/uploads\/usu63\/2018\/05\/2018-04-24-PHOTO-00000567-1024x768.jpg 1024w, https:\/\/agora.xtec.cat\/iescalgravat\/wp-content\/uploads\/usu63\/2018\/05\/2018-04-24-PHOTO-00000567-200x150.jpg 200w, https:\/\/agora.xtec.cat\/iescalgravat\/wp-content\/uploads\/usu63\/2018\/05\/2018-04-24-PHOTO-00000567.jpg 1600w\" sizes=\"auto, (max-width: 259px) 100vw, 259px\" \/><\/a><\/div>\n","protected":false},"excerpt":{"rendered":"<p>La setmana passada vam fer la Setmana Cultural al nostre institut, i els alumnes de 4rt d&#8217; ESO van haver de realitzar en grups el Projecte de Vida, amb l&#8217;objectiu d&#8217;acabar de rumiar, treballar\u00a0 i decidir el seu futur una vegada acabada l&#8217;etapa educativa obligat\u00f2ria.<br \/>\nUna&hellip;  <a href=\"https:\/\/agora.xtec.cat\/iescalgravat\/general\/projecte-de-vida-de-4rt-deso-amb-el-marc-buxaderas\/\" title=\"Read PROJECTE DE VIDA DE 4rt D&#8217;ESO AMB EL MARC BUXADERAS\">Llegeix m\u00e9s\u00bb<\/a><\/p>\n","protected":false},"author":1,"featured_media":0,"comment_status":"open","ping_status":"closed","sticky":false,"template":"","format":"standard","meta":{"_bbp_topic_count":0,"_bbp_reply_count":0,"_bbp_total_topic_count":0,"_bbp_total_reply_count":0,"_bbp_voice_count":0,"_bbp_anonymous_reply_count":0,"_bbp_topic_count_hidden":0,"_bbp_reply_count_hidden":0,"_bbp_forum_subforum_count":0,"footnotes":""},"categories":[7,1],"tags":[],"class_list":["post-1639","post","type-post","status-publish","format-standard","hentry","category-eso-4","category-general"],"post_mailing_queue_ids":[],"_links":{"self":[{"href":"https:\/\/agora.xtec.cat\/iescalgravat\/wp-json\/wp\/v2\/posts\/1639","targetHints":{"allow":["GET"]}}],"collection":[{"href":"https:\/\/agora.xtec.cat\/iescalgravat\/wp-json\/wp\/v2\/posts"}],"about":[{"href":"https:\/\/agora.xtec.cat\/iescalgravat\/wp-json\/wp\/v2\/types\/post"}],"author":[{"embeddable":true,"href":"https:\/\/agora.xtec.cat\/iescalgravat\/wp-json\/wp\/v2\/users\/1"}],"replies":[{"embeddable":true,"href":"https:\/\/agora.xtec.cat\/iescalgravat\/wp-json\/wp\/v2\/comments?post=1639"}],"version-history":[{"count":3,"href":"https:\/\/agora.xtec.cat\/iescalgravat\/wp-json\/wp\/v2\/posts\/1639\/revisions"}],"predecessor-version":[{"id":1645,"href":"https:\/\/agora.xtec.cat\/iescalgravat\/wp-json\/wp\/v2\/posts\/1639\/revisions\/1645"}],"wp:attachment":[{"href":"https:\/\/agora.xtec.cat\/iescalgravat\/wp-json\/wp\/v2\/media?parent=1639"}],"wp:term":[{"taxonomy":"category","embeddable":true,"href":"https:\/\/agora.xtec.cat\/iescalgravat\/wp-json\/wp\/v2\/categories?post=1639"},{"taxonomy":"post_tag","embeddable":true,"href":"https:\/\/agora.xtec.cat\/iescalgravat\/wp-json\/wp\/v2\/tags?post=1639"}],"curies":[{"name":"wp","href":"https:\/\/api.w.org\/{rel}","templated":true}]}}