{"id":1635,"date":"2018-05-02T17:44:21","date_gmt":"2018-05-02T15:44:21","guid":{"rendered":"http:\/\/agora.xtec.cat\/iescalgravat\/?p=1635"},"modified":"2018-09-04T11:25:33","modified_gmt":"2018-09-04T09:25:33","slug":"co-responsavihlitat-estigma-i-prevencio-del-vih","status":"publish","type":"post","link":"https:\/\/agora.xtec.cat\/iescalgravat\/general\/co-responsavihlitat-estigma-i-prevencio-del-vih\/","title":{"rendered":"Co-ResponsaVIHlitat.ESTIGMA I PREVENCI\u00d3 DEL VIH"},"content":{"rendered":"<p style=\"font-weight: 400; text-align: justify;\">Continuem en el projecte<strong> #CoResponsaVIHlitat<\/strong> amb l\u2019alumnat de Biologia i Geologia de 4t d\u2019ESO, treballant amb una de les propostes sorgides del curs passat:\u00a0<strong>\u00a0ESTIGMA I PREVENCI\u00d3 del VIH.<\/strong><\/p>\n<p style=\"font-weight: 400; text-align: justify;\">Ja hi hem destinat unes quantes sessions, fent recerca a partir de les mancances detectades en una enquesta inicial, aplicant din\u00e0miques grupals, i\u00a0arribant a unes conclusions, gr\u00e0cies a la col\u00b7laboraci\u00f3 amb l\u2019Aina Estany, graduada en Biomedicina i estudiant de M\u00e0ster de Recerca Cl\u00ednica especialitat en Salut Internacional al ISGlobal\/UB.<\/p>\n<p style=\"font-weight: 400; text-align: justify;\">A partir d\u2019aquest nou coneixement, l\u2019alumnat est\u00e0 preparant una activitat per aplicar en altres grups de l\u2019institut, amb l\u2019objectiu d\u2019escampar aquesta informaci\u00f3 i, en definitiva, reduir l\u2019estigma i millorar la prevenci\u00f3 del VIH.<\/p>\n<p style=\"font-weight: 400; text-align: justify;\">Finalment, el 6 de juny assistirem al congr\u00e9s final al Cosmocaixa on presentarem tot aquest projecte i podrem apreciar tamb\u00e9 la feina feta pels altres instituts participants.<\/p>\n<p style=\"font-weight: 400; text-align: justify;\">El projecte Co-ResponsaVIHlitat es va iniciar durant el curs 2016-17 amb la finalitat de convidar als diferents actors socials (comunitat educativa, entitats de la societat civil, gestors de pol\u00edtiques p\u00fabliques, investigadors i professionals de la salut) a participar en processos de deliberaci\u00f3 col\u2022laborativa per consensuar una Agenda de Recerca i Innovaci\u00f3 en prevenci\u00f3 del VIH i d\u2019altres ITSs. Durant el curs 2017-18 es desenvolupa la segona fase del projecte, que t\u00e9 l\u2019objectiu d\u2019implementar projectes de recerca participativa que responguin a algunes de les prioritats recollides en l\u2019Agenda. Aquests projectes els lideraran estudiants de m\u00e0ster que actuaran com a co-investigadors conjuntament amb els estudiants de secund\u00e0ria. El Co-ResponsaVIHlitat es coordina des del Living Lab de Salut d\u2019IrsiCaixa i s\u2019emmarca dins dels projectes europeus InSPIRES i ENRRICH i del programa educatiu @XploreHealth_ca, impulsat conjuntament per IrsiCaixa i l\u2019Obra Social \u201cla Caixa\u201d.<\/p>\n<p style=\"font-weight: 400;\"><a href=\"http:\/\/agora.xtec.cat\/iescalgravat\/wp-content\/uploads\/usu63\/2018\/05\/20180425_082952_opt.jpg\"><img loading=\"lazy\" decoding=\"async\" class=\"size-medium wp-image-1636 alignleft\" src=\"http:\/\/agora.xtec.cat\/iescalgravat\/wp-content\/uploads\/usu63\/2018\/05\/20180425_082952_opt-300x169.jpg\" alt=\"\" width=\"300\" height=\"169\" srcset=\"https:\/\/agora.xtec.cat\/iescalgravat\/wp-content\/uploads\/usu63\/2018\/05\/20180425_082952_opt-300x169.jpg 300w, https:\/\/agora.xtec.cat\/iescalgravat\/wp-content\/uploads\/usu63\/2018\/05\/20180425_082952_opt.jpg 400w\" sizes=\"auto, (max-width: 300px) 100vw, 300px\" \/><\/a> <a href=\"http:\/\/agora.xtec.cat\/iescalgravat\/wp-content\/uploads\/usu63\/2018\/05\/20180425_085236_opt.jpg\"><img loading=\"lazy\" decoding=\"async\" class=\"aligncenter size-medium wp-image-1637\" src=\"http:\/\/agora.xtec.cat\/iescalgravat\/wp-content\/uploads\/usu63\/2018\/05\/20180425_085236_opt-300x169.jpg\" alt=\"\" width=\"300\" height=\"169\" srcset=\"https:\/\/agora.xtec.cat\/iescalgravat\/wp-content\/uploads\/usu63\/2018\/05\/20180425_085236_opt-300x169.jpg 300w, https:\/\/agora.xtec.cat\/iescalgravat\/wp-content\/uploads\/usu63\/2018\/05\/20180425_085236_opt.jpg 400w\" sizes=\"auto, (max-width: 300px) 100vw, 300px\" \/><\/a><\/p>\n","protected":false},"excerpt":{"rendered":"<p>Continuem en el projecte #CoResponsaVIHlitat amb l\u2019alumnat de Biologia i Geologia de 4t d\u2019ESO, treballant amb una de les propostes sorgides del curs passat:\u00a0\u00a0ESTIGMA I PREVENCI\u00d3 del VIH.<br \/>\nJa hi hem destinat unes quantes sessions, fent recerca a partir de les mancances detectades en una enquesta&hellip;  <a href=\"https:\/\/agora.xtec.cat\/iescalgravat\/general\/co-responsavihlitat-estigma-i-prevencio-del-vih\/\" title=\"Read Co-ResponsaVIHlitat.ESTIGMA I PREVENCI\u00d3 DEL VIH\">Llegeix m\u00e9s\u00bb<\/a><\/p>\n","protected":false},"author":1,"featured_media":0,"comment_status":"open","ping_status":"closed","sticky":false,"template":"","format":"standard","meta":{"_bbp_topic_count":0,"_bbp_reply_count":0,"_bbp_total_topic_count":0,"_bbp_total_reply_count":0,"_bbp_voice_count":0,"_bbp_anonymous_reply_count":0,"_bbp_topic_count_hidden":0,"_bbp_reply_count_hidden":0,"_bbp_forum_subforum_count":0,"footnotes":""},"categories":[7,1],"tags":[],"class_list":["post-1635","post","type-post","status-publish","format-standard","hentry","category-eso-4","category-general"],"post_mailing_queue_ids":[],"_links":{"self":[{"href":"https:\/\/agora.xtec.cat\/iescalgravat\/wp-json\/wp\/v2\/posts\/1635","targetHints":{"allow":["GET"]}}],"collection":[{"href":"https:\/\/agora.xtec.cat\/iescalgravat\/wp-json\/wp\/v2\/posts"}],"about":[{"href":"https:\/\/agora.xtec.cat\/iescalgravat\/wp-json\/wp\/v2\/types\/post"}],"author":[{"embeddable":true,"href":"https:\/\/agora.xtec.cat\/iescalgravat\/wp-json\/wp\/v2\/users\/1"}],"replies":[{"embeddable":true,"href":"https:\/\/agora.xtec.cat\/iescalgravat\/wp-json\/wp\/v2\/comments?post=1635"}],"version-history":[{"count":3,"href":"https:\/\/agora.xtec.cat\/iescalgravat\/wp-json\/wp\/v2\/posts\/1635\/revisions"}],"predecessor-version":[{"id":1647,"href":"https:\/\/agora.xtec.cat\/iescalgravat\/wp-json\/wp\/v2\/posts\/1635\/revisions\/1647"}],"wp:attachment":[{"href":"https:\/\/agora.xtec.cat\/iescalgravat\/wp-json\/wp\/v2\/media?parent=1635"}],"wp:term":[{"taxonomy":"category","embeddable":true,"href":"https:\/\/agora.xtec.cat\/iescalgravat\/wp-json\/wp\/v2\/categories?post=1635"},{"taxonomy":"post_tag","embeddable":true,"href":"https:\/\/agora.xtec.cat\/iescalgravat\/wp-json\/wp\/v2\/tags?post=1635"}],"curies":[{"name":"wp","href":"https:\/\/api.w.org\/{rel}","templated":true}]}}