{"id":1387,"date":"2018-04-20T12:18:55","date_gmt":"2018-04-20T10:18:55","guid":{"rendered":"http:\/\/agora.xtec.cat\/iescalgravat\/?p=1387"},"modified":"2018-09-04T11:28:19","modified_gmt":"2018-09-04T09:28:19","slug":"participacio-a-la-gimcana-matematica","status":"publish","type":"post","link":"https:\/\/agora.xtec.cat\/iescalgravat\/general\/participacio-a-la-gimcana-matematica\/","title":{"rendered":"PARTICIPACI\u00d3 A LA 13ena GIMCANA MATEM\u00c0TICA"},"content":{"rendered":"<p>Aquest dijous al centre de Manresa ha acollit la XIII Matem\u00e0tica organitzada pel Centre de Recursos Pedag\u00f2gics del Bages.<\/p>\n<p>L&#8217;activitat ha estat seguida per l&#8217;alumnat de 1r d&#8217;ESO i com a col\u00b7laboradors han participat tamb\u00e9 alguns alumnes de 3r ESO. En total han realitzat les proves al voltant de 1.200 alumnes, repartits en dos torns i dos itineraris, al llarg del mat\u00ed (entre les 9 i les 13.15h) i aniran resolent, en grups de cinc, les diferents proves que se&#8217;ls ha preparat. Cada grup d&#8217;alumnes t\u00e9 la possibilitat de resoldre quinze proves matem\u00e0tiques fent servir l&#8217;enginy i estrat\u00e8gies de c\u00e0lcul i de mesura.<\/p>\n<table style=\"height: 303px; width: 1021px;\">\n<tbody>\n<tr>\n<td style=\"width: 331px;\"><a href=\"http:\/\/agora.xtec.cat\/iescalgravat\/wp-content\/uploads\/usu63\/2018\/04\/IMG_20180419_130355.jpg\"><img loading=\"lazy\" decoding=\"async\" class=\"aligncenter wp-image-1393\" src=\"http:\/\/agora.xtec.cat\/iescalgravat\/wp-content\/uploads\/usu63\/2018\/04\/IMG_20180419_130355-300x225.jpg\" alt=\"\" width=\"344\" height=\"258\" srcset=\"https:\/\/agora.xtec.cat\/iescalgravat\/wp-content\/uploads\/usu63\/2018\/04\/IMG_20180419_130355-300x225.jpg 300w, https:\/\/agora.xtec.cat\/iescalgravat\/wp-content\/uploads\/usu63\/2018\/04\/IMG_20180419_130355-768x576.jpg 768w, https:\/\/agora.xtec.cat\/iescalgravat\/wp-content\/uploads\/usu63\/2018\/04\/IMG_20180419_130355-200x150.jpg 200w, https:\/\/agora.xtec.cat\/iescalgravat\/wp-content\/uploads\/usu63\/2018\/04\/IMG_20180419_130355.jpg 800w\" sizes=\"auto, (max-width: 344px) 100vw, 344px\" \/><\/a><\/td>\n<td style=\"width: 334px;\"><a href=\"http:\/\/agora.xtec.cat\/iescalgravat\/wp-content\/uploads\/usu63\/2018\/04\/IMG-20180419-WA0002.jpg\"><img loading=\"lazy\" decoding=\"async\" class=\"aligncenter wp-image-1389\" src=\"http:\/\/agora.xtec.cat\/iescalgravat\/wp-content\/uploads\/usu63\/2018\/04\/IMG-20180419-WA0002-300x225.jpg\" alt=\"\" width=\"344\" height=\"258\" srcset=\"https:\/\/agora.xtec.cat\/iescalgravat\/wp-content\/uploads\/usu63\/2018\/04\/IMG-20180419-WA0002-300x225.jpg 300w, https:\/\/agora.xtec.cat\/iescalgravat\/wp-content\/uploads\/usu63\/2018\/04\/IMG-20180419-WA0002-768x576.jpg 768w, https:\/\/agora.xtec.cat\/iescalgravat\/wp-content\/uploads\/usu63\/2018\/04\/IMG-20180419-WA0002-1024x768.jpg 1024w, https:\/\/agora.xtec.cat\/iescalgravat\/wp-content\/uploads\/usu63\/2018\/04\/IMG-20180419-WA0002-200x150.jpg 200w, https:\/\/agora.xtec.cat\/iescalgravat\/wp-content\/uploads\/usu63\/2018\/04\/IMG-20180419-WA0002.jpg 1600w\" sizes=\"auto, (max-width: 344px) 100vw, 344px\" \/><\/a><\/td>\n<td style=\"width: 344px;\"><a href=\"http:\/\/agora.xtec.cat\/iescalgravat\/wp-content\/uploads\/usu63\/2018\/04\/IMG-20180419-WA0001.jpg\"><img loading=\"lazy\" decoding=\"async\" class=\"aligncenter wp-image-1388\" src=\"http:\/\/agora.xtec.cat\/iescalgravat\/wp-content\/uploads\/usu63\/2018\/04\/IMG-20180419-WA0001-300x225.jpg\" alt=\"\" width=\"357\" height=\"268\" srcset=\"https:\/\/agora.xtec.cat\/iescalgravat\/wp-content\/uploads\/usu63\/2018\/04\/IMG-20180419-WA0001-300x225.jpg 300w, https:\/\/agora.xtec.cat\/iescalgravat\/wp-content\/uploads\/usu63\/2018\/04\/IMG-20180419-WA0001-768x576.jpg 768w, https:\/\/agora.xtec.cat\/iescalgravat\/wp-content\/uploads\/usu63\/2018\/04\/IMG-20180419-WA0001-1024x768.jpg 1024w, https:\/\/agora.xtec.cat\/iescalgravat\/wp-content\/uploads\/usu63\/2018\/04\/IMG-20180419-WA0001-200x150.jpg 200w, https:\/\/agora.xtec.cat\/iescalgravat\/wp-content\/uploads\/usu63\/2018\/04\/IMG-20180419-WA0001.jpg 1600w\" sizes=\"auto, (max-width: 357px) 100vw, 357px\" \/><\/a><\/td>\n<\/tr>\n<\/tbody>\n<\/table>\n<p>&nbsp;<\/p>\n<p>&nbsp;<\/p>\n","protected":false},"excerpt":{"rendered":"<p>Aquest dijous al centre de Manresa ha acollit la XIII Matem\u00e0tica organitzada pel Centre de Recursos Pedag\u00f2gics del Bages.<br \/>\nL&#8217;activitat ha estat seguida per l&#8217;alumnat de 1r d&#8217;ESO i com a col\u00b7laboradors han participat tamb\u00e9 alguns alumnes de 3r ESO. En total han realitzat les proves&hellip;  <a href=\"https:\/\/agora.xtec.cat\/iescalgravat\/general\/participacio-a-la-gimcana-matematica\/\" title=\"Read PARTICIPACI\u00d3 A LA 13ena GIMCANA MATEM\u00c0TICA\">Llegeix m\u00e9s\u00bb<\/a><\/p>\n","protected":false},"author":1,"featured_media":1393,"comment_status":"open","ping_status":"closed","sticky":false,"template":"","format":"standard","meta":{"_bbp_topic_count":0,"_bbp_reply_count":0,"_bbp_total_topic_count":0,"_bbp_total_reply_count":0,"_bbp_voice_count":0,"_bbp_anonymous_reply_count":0,"_bbp_topic_count_hidden":0,"_bbp_reply_count_hidden":0,"_bbp_forum_subforum_count":0,"footnotes":""},"categories":[3,1],"tags":[],"class_list":["post-1387","post","type-post","status-publish","format-standard","has-post-thumbnail","hentry","category-eso","category-general"],"post_mailing_queue_ids":[],"_links":{"self":[{"href":"https:\/\/agora.xtec.cat\/iescalgravat\/wp-json\/wp\/v2\/posts\/1387","targetHints":{"allow":["GET"]}}],"collection":[{"href":"https:\/\/agora.xtec.cat\/iescalgravat\/wp-json\/wp\/v2\/posts"}],"about":[{"href":"https:\/\/agora.xtec.cat\/iescalgravat\/wp-json\/wp\/v2\/types\/post"}],"author":[{"embeddable":true,"href":"https:\/\/agora.xtec.cat\/iescalgravat\/wp-json\/wp\/v2\/users\/1"}],"replies":[{"embeddable":true,"href":"https:\/\/agora.xtec.cat\/iescalgravat\/wp-json\/wp\/v2\/comments?post=1387"}],"version-history":[{"count":3,"href":"https:\/\/agora.xtec.cat\/iescalgravat\/wp-json\/wp\/v2\/posts\/1387\/revisions"}],"predecessor-version":[{"id":1397,"href":"https:\/\/agora.xtec.cat\/iescalgravat\/wp-json\/wp\/v2\/posts\/1387\/revisions\/1397"}],"wp:featuredmedia":[{"embeddable":true,"href":"https:\/\/agora.xtec.cat\/iescalgravat\/wp-json\/wp\/v2\/media\/1393"}],"wp:attachment":[{"href":"https:\/\/agora.xtec.cat\/iescalgravat\/wp-json\/wp\/v2\/media?parent=1387"}],"wp:term":[{"taxonomy":"category","embeddable":true,"href":"https:\/\/agora.xtec.cat\/iescalgravat\/wp-json\/wp\/v2\/categories?post=1387"},{"taxonomy":"post_tag","embeddable":true,"href":"https:\/\/agora.xtec.cat\/iescalgravat\/wp-json\/wp\/v2\/tags?post=1387"}],"curies":[{"name":"wp","href":"https:\/\/api.w.org\/{rel}","templated":true}]}}