{"id":1383,"date":"2018-04-20T11:48:06","date_gmt":"2018-04-20T09:48:06","guid":{"rendered":"http:\/\/agora.xtec.cat\/iescalgravat\/?p=1383"},"modified":"2018-09-04T11:28:35","modified_gmt":"2018-09-04T09:28:35","slug":"olimpiades-deconomia","status":"publish","type":"post","link":"https:\/\/agora.xtec.cat\/iescalgravat\/general\/olimpiades-deconomia\/","title":{"rendered":"OLIMP\u00cdADES D&#8217;ECONOMIA"},"content":{"rendered":"<p style=\"text-align: justify;\">Aquest dimecres a la tarda tres alumnes de Batxillerat amb la seva professora es van despla\u00e7ar fins la facultat d&#8217;economia de la Universitat Aut\u00f2noma de Barcelona, per participar a la fase local de les <strong>Olimp\u00edades d&#8217;Economia<\/strong>.<\/p>\n<div dir=\"auto\" style=\"text-align: justify;\">S\u00f3n la Judit Carmona, la Gemma Buch i la Catarina Farinha, acompanyades de la Carme Pint\u00f3.<\/div>\n<div dir=\"auto\" style=\"text-align: justify;\"><\/div>\n<div dir=\"auto\" style=\"text-align: justify;\">Si surten entre les tres primeres posicions es despla\u00e7aran a la Final Nacional a Santiago de Compostela a finals de Juny.<\/div>\n<div dir=\"auto\"><\/div>\n<div dir=\"auto\"><a href=\"http:\/\/agora.xtec.cat\/iescalgravat\/wp-content\/uploads\/usu63\/2018\/04\/image-2018-04-20.jpg\"><img loading=\"lazy\" decoding=\"async\" class=\"aligncenter size-medium wp-image-1384\" src=\"http:\/\/agora.xtec.cat\/iescalgravat\/wp-content\/uploads\/usu63\/2018\/04\/image-2018-04-20-225x300.jpg\" alt=\"\" width=\"225\" height=\"300\" srcset=\"https:\/\/agora.xtec.cat\/iescalgravat\/wp-content\/uploads\/usu63\/2018\/04\/image-2018-04-20-225x300.jpg 225w, https:\/\/agora.xtec.cat\/iescalgravat\/wp-content\/uploads\/usu63\/2018\/04\/image-2018-04-20.jpg 768w\" sizes=\"auto, (max-width: 225px) 100vw, 225px\" \/><\/a><\/div>\n<div dir=\"auto\"><\/div>\n","protected":false},"excerpt":{"rendered":"<p>Aquest dimecres a la tarda tres alumnes de Batxillerat amb la seva professora es van despla\u00e7ar fins la facultat d&#8217;economia de la Universitat Aut\u00f2noma de Barcelona, per participar a la fase local de les Olimp\u00edades d&#8217;Economia.<br \/>\nS\u00f3n la Judit Carmona, la Gemma Buch i la Catarina&hellip;  <a href=\"https:\/\/agora.xtec.cat\/iescalgravat\/general\/olimpiades-deconomia\/\" title=\"Read OLIMP\u00cdADES D&#8217;ECONOMIA\">Llegeix m\u00e9s\u00bb<\/a><\/p>\n","protected":false},"author":1,"featured_media":0,"comment_status":"open","ping_status":"closed","sticky":false,"template":"","format":"standard","meta":{"_bbp_topic_count":0,"_bbp_reply_count":0,"_bbp_total_topic_count":0,"_bbp_total_reply_count":0,"_bbp_voice_count":0,"_bbp_anonymous_reply_count":0,"_bbp_topic_count_hidden":0,"_bbp_reply_count_hidden":0,"_bbp_forum_subforum_count":0,"footnotes":""},"categories":[8,1],"tags":[],"class_list":["post-1383","post","type-post","status-publish","format-standard","hentry","category-batxillerat","category-general"],"post_mailing_queue_ids":[],"_links":{"self":[{"href":"https:\/\/agora.xtec.cat\/iescalgravat\/wp-json\/wp\/v2\/posts\/1383","targetHints":{"allow":["GET"]}}],"collection":[{"href":"https:\/\/agora.xtec.cat\/iescalgravat\/wp-json\/wp\/v2\/posts"}],"about":[{"href":"https:\/\/agora.xtec.cat\/iescalgravat\/wp-json\/wp\/v2\/types\/post"}],"author":[{"embeddable":true,"href":"https:\/\/agora.xtec.cat\/iescalgravat\/wp-json\/wp\/v2\/users\/1"}],"replies":[{"embeddable":true,"href":"https:\/\/agora.xtec.cat\/iescalgravat\/wp-json\/wp\/v2\/comments?post=1383"}],"version-history":[{"count":2,"href":"https:\/\/agora.xtec.cat\/iescalgravat\/wp-json\/wp\/v2\/posts\/1383\/revisions"}],"predecessor-version":[{"id":1386,"href":"https:\/\/agora.xtec.cat\/iescalgravat\/wp-json\/wp\/v2\/posts\/1383\/revisions\/1386"}],"wp:attachment":[{"href":"https:\/\/agora.xtec.cat\/iescalgravat\/wp-json\/wp\/v2\/media?parent=1383"}],"wp:term":[{"taxonomy":"category","embeddable":true,"href":"https:\/\/agora.xtec.cat\/iescalgravat\/wp-json\/wp\/v2\/categories?post=1383"},{"taxonomy":"post_tag","embeddable":true,"href":"https:\/\/agora.xtec.cat\/iescalgravat\/wp-json\/wp\/v2\/tags?post=1383"}],"curies":[{"name":"wp","href":"https:\/\/api.w.org\/{rel}","templated":true}]}}