{"id":1379,"date":"2018-04-18T23:14:59","date_gmt":"2018-04-18T21:14:59","guid":{"rendered":"http:\/\/agora.xtec.cat\/iescalgravat\/?p=1379"},"modified":"2018-05-28T12:57:01","modified_gmt":"2018-05-28T10:57:01","slug":"xii-campionat-datletisme-escoles-de-secundaria-de-la-comarca-del-bages","status":"publish","type":"post","link":"https:\/\/agora.xtec.cat\/iescalgravat\/general\/xii-campionat-datletisme-escoles-de-secundaria-de-la-comarca-del-bages\/","title":{"rendered":"XII CAMPIONAT D&#8217;ATLETISME ESCOLES DE SECUND\u00c0RIA DE LA COMARCA DEL BAGES"},"content":{"rendered":"<h6 style=\"text-align: justify;\">Avui, 18 d&#8217;abril, s&#8217;ha celebrat el XII CAMPIONAT D&#8217;ATLETISME ESCOLES DE SECUND\u00c0RIA DE LA COMARCA DEL BAGES.<\/h6>\n<h6 style=\"text-align: justify;\">Ha estat un dia, amb molta calor, on tots els alumnes de 1r d&#8217;ESO han participat d&#8217;aquesta matinal d&#8217;atletisme.<\/h6>\n<h6 style=\"text-align: justify;\">S&#8217;han celebrat diferents proves en l&#8217;apartat mascul\u00ed i femen\u00ed: 60m tanques, 60m llisos, 500m llisos, salt de llargada, llan\u00e7ament de pes i relleus 4x60m i 4x200m.<\/h6>\n<h6 style=\"text-align: justify;\">Destacar les medalles de <strong>Guerau Serra<\/strong> en 60m llisos i <strong>Biel L\u00f3pez<\/strong> en salt de llargada i felicitar a tots els nois i noies per la seva participaci\u00f3 i la gran animaci\u00f3!<\/h6>\n<h6><\/h6>\n<h6><a href=\"http:\/\/agora.xtec.cat\/iescalgravat\/wp-content\/uploads\/usu63\/2018\/04\/SubstandardFullSizeRender.jpg\"><img loading=\"lazy\" decoding=\"async\" class=\"aligncenter size-medium wp-image-1380\" src=\"http:\/\/agora.xtec.cat\/iescalgravat\/wp-content\/uploads\/usu63\/2018\/04\/SubstandardFullSizeRender-300x225.jpg\" alt=\"\" width=\"300\" height=\"225\" srcset=\"https:\/\/agora.xtec.cat\/iescalgravat\/wp-content\/uploads\/usu63\/2018\/04\/SubstandardFullSizeRender-300x225.jpg 300w, https:\/\/agora.xtec.cat\/iescalgravat\/wp-content\/uploads\/usu63\/2018\/04\/SubstandardFullSizeRender-768x577.jpg 768w, https:\/\/agora.xtec.cat\/iescalgravat\/wp-content\/uploads\/usu63\/2018\/04\/SubstandardFullSizeRender-200x150.jpg 200w, https:\/\/agora.xtec.cat\/iescalgravat\/wp-content\/uploads\/usu63\/2018\/04\/SubstandardFullSizeRender.jpg 852w\" sizes=\"auto, (max-width: 300px) 100vw, 300px\" \/><\/a><\/h6>\n","protected":false},"excerpt":{"rendered":"<p>Avui, 18 d&#8217;abril, s&#8217;ha celebrat el XII CAMPIONAT D&#8217;ATLETISME ESCOLES DE SECUND\u00c0RIA DE LA COMARCA DEL BAGES.<br \/>\nHa estat un dia, amb molta calor, on tots els alumnes de 1r d&#8217;ESO han participat d&#8217;aquesta matinal d&#8217;atletisme.<br \/>\nS&#8217;han celebrat diferents proves en l&#8217;apartat mascul\u00ed i femen\u00ed: 60m tanques,&hellip;  <a href=\"https:\/\/agora.xtec.cat\/iescalgravat\/general\/xii-campionat-datletisme-escoles-de-secundaria-de-la-comarca-del-bages\/\" title=\"Read XII CAMPIONAT D&#8217;ATLETISME ESCOLES DE SECUND\u00c0RIA DE LA COMARCA DEL BAGES\">Llegeix m\u00e9s\u00bb<\/a><\/p>\n","protected":false},"author":1,"featured_media":0,"comment_status":"open","ping_status":"closed","sticky":false,"template":"","format":"standard","meta":{"_bbp_topic_count":0,"_bbp_reply_count":0,"_bbp_total_topic_count":0,"_bbp_total_reply_count":0,"_bbp_voice_count":0,"_bbp_anonymous_reply_count":0,"_bbp_topic_count_hidden":0,"_bbp_reply_count_hidden":0,"_bbp_forum_subforum_count":0,"footnotes":""},"categories":[4,1],"tags":[],"class_list":["post-1379","post","type-post","status-publish","format-standard","hentry","category-eso-1","category-general"],"post_mailing_queue_ids":[],"_links":{"self":[{"href":"https:\/\/agora.xtec.cat\/iescalgravat\/wp-json\/wp\/v2\/posts\/1379","targetHints":{"allow":["GET"]}}],"collection":[{"href":"https:\/\/agora.xtec.cat\/iescalgravat\/wp-json\/wp\/v2\/posts"}],"about":[{"href":"https:\/\/agora.xtec.cat\/iescalgravat\/wp-json\/wp\/v2\/types\/post"}],"author":[{"embeddable":true,"href":"https:\/\/agora.xtec.cat\/iescalgravat\/wp-json\/wp\/v2\/users\/1"}],"replies":[{"embeddable":true,"href":"https:\/\/agora.xtec.cat\/iescalgravat\/wp-json\/wp\/v2\/comments?post=1379"}],"version-history":[{"count":3,"href":"https:\/\/agora.xtec.cat\/iescalgravat\/wp-json\/wp\/v2\/posts\/1379\/revisions"}],"predecessor-version":[{"id":1392,"href":"https:\/\/agora.xtec.cat\/iescalgravat\/wp-json\/wp\/v2\/posts\/1379\/revisions\/1392"}],"wp:attachment":[{"href":"https:\/\/agora.xtec.cat\/iescalgravat\/wp-json\/wp\/v2\/media?parent=1379"}],"wp:term":[{"taxonomy":"category","embeddable":true,"href":"https:\/\/agora.xtec.cat\/iescalgravat\/wp-json\/wp\/v2\/categories?post=1379"},{"taxonomy":"post_tag","embeddable":true,"href":"https:\/\/agora.xtec.cat\/iescalgravat\/wp-json\/wp\/v2\/tags?post=1379"}],"curies":[{"name":"wp","href":"https:\/\/api.w.org\/{rel}","templated":true}]}}