{"id":1283,"date":"2018-02-28T20:52:11","date_gmt":"2018-02-28T19:52:11","guid":{"rendered":"http:\/\/agora.xtec.cat\/iescalgravat\/?p=1283"},"modified":"2018-04-20T11:52:59","modified_gmt":"2018-04-20T09:52:59","slug":"estades-a-munich","status":"publish","type":"post","link":"https:\/\/agora.xtec.cat\/iescalgravat\/general\/estades-a-munich\/","title":{"rendered":"ESTADES A MUNIC"},"content":{"rendered":"<p>Un grup d&#8217;alumnes de 3r d&#8217;ESO d&#8217;Alemany estan realitzant, per a 2n any consecutiu, l&#8217;estada a la ciutat de Munic, capital del Bundesland de Baviera i la tercera ciutat m\u00e9s gran d&#8217;Alemanya. Tot i el fred que els hi fa, estan coneixent de primera m\u00e0 els diferents aspectes de la cultura alemanya acompanyants per la Merc\u00e8 Pedrosa i l&#8217;Eva Tasc\u00f3n.<a href=\"http:\/\/agora.xtec.cat\/iescalgravat\/wp-content\/uploads\/usu63\/2018\/02\/2018-02-27-PHOTO-00000105.jpg\"><img loading=\"lazy\" decoding=\"async\" class=\"aligncenter size-medium wp-image-1285\" src=\"http:\/\/agora.xtec.cat\/iescalgravat\/wp-content\/uploads\/usu63\/2018\/02\/2018-02-27-PHOTO-00000105-300x225.jpg\" alt=\"\" width=\"300\" height=\"225\" srcset=\"https:\/\/agora.xtec.cat\/iescalgravat\/wp-content\/uploads\/usu63\/2018\/02\/2018-02-27-PHOTO-00000105-300x225.jpg 300w, https:\/\/agora.xtec.cat\/iescalgravat\/wp-content\/uploads\/usu63\/2018\/02\/2018-02-27-PHOTO-00000105-768x576.jpg 768w, https:\/\/agora.xtec.cat\/iescalgravat\/wp-content\/uploads\/usu63\/2018\/02\/2018-02-27-PHOTO-00000105-1024x768.jpg 1024w, https:\/\/agora.xtec.cat\/iescalgravat\/wp-content\/uploads\/usu63\/2018\/02\/2018-02-27-PHOTO-00000105-200x150.jpg 200w, https:\/\/agora.xtec.cat\/iescalgravat\/wp-content\/uploads\/usu63\/2018\/02\/2018-02-27-PHOTO-00000105.jpg 1600w\" sizes=\"auto, (max-width: 300px) 100vw, 300px\" \/><\/a><a href=\"http:\/\/agora.xtec.cat\/iescalgravat\/wp-content\/uploads\/usu63\/2018\/02\/2018-02-27-PHOTO-00000104.jpg\"><img loading=\"lazy\" decoding=\"async\" class=\"aligncenter size-medium wp-image-1284\" src=\"http:\/\/agora.xtec.cat\/iescalgravat\/wp-content\/uploads\/usu63\/2018\/02\/2018-02-27-PHOTO-00000104-300x179.jpg\" alt=\"\" width=\"300\" height=\"179\" srcset=\"https:\/\/agora.xtec.cat\/iescalgravat\/wp-content\/uploads\/usu63\/2018\/02\/2018-02-27-PHOTO-00000104-300x179.jpg 300w, https:\/\/agora.xtec.cat\/iescalgravat\/wp-content\/uploads\/usu63\/2018\/02\/2018-02-27-PHOTO-00000104-768x458.jpg 768w, https:\/\/agora.xtec.cat\/iescalgravat\/wp-content\/uploads\/usu63\/2018\/02\/2018-02-27-PHOTO-00000104-1024x611.jpg 1024w, https:\/\/agora.xtec.cat\/iescalgravat\/wp-content\/uploads\/usu63\/2018\/02\/2018-02-27-PHOTO-00000104.jpg 1585w\" sizes=\"auto, (max-width: 300px) 100vw, 300px\" \/><\/a><\/p>\n","protected":false},"excerpt":{"rendered":"<p>Un grup d&#8217;alumnes de 3r d&#8217;ESO d&#8217;Alemany estan realitzant, per a 2n any consecutiu, l&#8217;estada a la ciutat de Munic, capital del Bundesland de Baviera i la tercera ciutat m\u00e9s gran d&#8217;Alemanya. Tot i el fred que els hi fa, estan coneixent de primera m\u00e0&hellip;  <a href=\"https:\/\/agora.xtec.cat\/iescalgravat\/general\/estades-a-munich\/\" title=\"Read ESTADES A MUNIC\">Llegeix m\u00e9s\u00bb<\/a><\/p>\n","protected":false},"author":1,"featured_media":1285,"comment_status":"open","ping_status":"closed","sticky":false,"template":"","format":"standard","meta":{"_bbp_topic_count":0,"_bbp_reply_count":0,"_bbp_total_topic_count":0,"_bbp_total_reply_count":0,"_bbp_voice_count":0,"_bbp_anonymous_reply_count":0,"_bbp_topic_count_hidden":0,"_bbp_reply_count_hidden":0,"_bbp_forum_subforum_count":0,"footnotes":""},"categories":[6,1],"tags":[],"class_list":["post-1283","post","type-post","status-publish","format-standard","has-post-thumbnail","hentry","category-eso-3","category-general"],"post_mailing_queue_ids":[],"_links":{"self":[{"href":"https:\/\/agora.xtec.cat\/iescalgravat\/wp-json\/wp\/v2\/posts\/1283","targetHints":{"allow":["GET"]}}],"collection":[{"href":"https:\/\/agora.xtec.cat\/iescalgravat\/wp-json\/wp\/v2\/posts"}],"about":[{"href":"https:\/\/agora.xtec.cat\/iescalgravat\/wp-json\/wp\/v2\/types\/post"}],"author":[{"embeddable":true,"href":"https:\/\/agora.xtec.cat\/iescalgravat\/wp-json\/wp\/v2\/users\/1"}],"replies":[{"embeddable":true,"href":"https:\/\/agora.xtec.cat\/iescalgravat\/wp-json\/wp\/v2\/comments?post=1283"}],"version-history":[{"count":3,"href":"https:\/\/agora.xtec.cat\/iescalgravat\/wp-json\/wp\/v2\/posts\/1283\/revisions"}],"predecessor-version":[{"id":1288,"href":"https:\/\/agora.xtec.cat\/iescalgravat\/wp-json\/wp\/v2\/posts\/1283\/revisions\/1288"}],"wp:featuredmedia":[{"embeddable":true,"href":"https:\/\/agora.xtec.cat\/iescalgravat\/wp-json\/wp\/v2\/media\/1285"}],"wp:attachment":[{"href":"https:\/\/agora.xtec.cat\/iescalgravat\/wp-json\/wp\/v2\/media?parent=1283"}],"wp:term":[{"taxonomy":"category","embeddable":true,"href":"https:\/\/agora.xtec.cat\/iescalgravat\/wp-json\/wp\/v2\/categories?post=1283"},{"taxonomy":"post_tag","embeddable":true,"href":"https:\/\/agora.xtec.cat\/iescalgravat\/wp-json\/wp\/v2\/tags?post=1283"}],"curies":[{"name":"wp","href":"https:\/\/api.w.org\/{rel}","templated":true}]}}