{"id":1278,"date":"2018-02-28T20:01:49","date_gmt":"2018-02-28T19:01:49","guid":{"rendered":"http:\/\/agora.xtec.cat\/iescalgravat\/?p=1278"},"modified":"2018-03-01T18:21:58","modified_gmt":"2018-03-01T17:21:58","slug":"dijous-1-marc-es-recupera-la-normalitat","status":"publish","type":"post","link":"https:\/\/agora.xtec.cat\/iescalgravat\/general\/dijous-1-marc-es-recupera-la-normalitat\/","title":{"rendered":"DIJOUS 1 MAR\u00c7 ES RECUPERA LA NORMALITAT"},"content":{"rendered":"<blockquote><p>Davant les prediccions meteorol\u00f2giques emeses pel Servei Meteorol\u00f2gic de Catalunya que hi han per dem\u00e0 dijous 1 de mar\u00e7 <strong>es restableix la normalitat<\/strong> <strong>lectiva<\/strong> aix\u00ed com des del Consell Comarcal del Bages tamb\u00e9 se&#8217;ns comunica que <em><strong>hi haur\u00e0 servei de transport escolar<\/strong><\/em>.<\/p>\n<p>Us demanem que seguiu per\u00f2 l&#8217;evoluci\u00f3 en els butlletins meteorol\u00f2gics i us recordem que per qualsevol novetat us ser\u00e0 comunicada per e-mail i\/o a la web del centre: <a href=\"http:\/\/www.calgravat.cat\">www.calgravat.cat<\/a><\/p>\n<p>Gr\u00e0cies per la vostra col\u00b7laboraci\u00f3 i disculpeu les mol\u00e8sties,<\/p>\n<p>Equip Directiu<\/p>\n<p>&nbsp;<\/p>\n<p>&nbsp;<\/p><\/blockquote>\n<p>&nbsp;<\/p>\n<p>&nbsp;<\/p>\n","protected":false},"excerpt":{"rendered":"<p>Davant les prediccions meteorol\u00f2giques emeses pel Servei Meteorol\u00f2gic de Catalunya que hi han per dem\u00e0 dijous 1 de mar\u00e7 es restableix la normalitat lectiva aix\u00ed com des del Consell Comarcal del Bages tamb\u00e9 se&#8217;ns comunica que hi haur\u00e0 servei de transport escolar.<br \/>\nUs demanem que seguiu&hellip;  <a href=\"https:\/\/agora.xtec.cat\/iescalgravat\/general\/dijous-1-marc-es-recupera-la-normalitat\/\" title=\"Read DIJOUS 1 MAR\u00c7 ES RECUPERA LA NORMALITAT\">Llegeix m\u00e9s\u00bb<\/a><\/p>\n","protected":false},"author":1,"featured_media":0,"comment_status":"open","ping_status":"closed","sticky":false,"template":"","format":"standard","meta":{"_bbp_topic_count":0,"_bbp_reply_count":0,"_bbp_total_topic_count":0,"_bbp_total_reply_count":0,"_bbp_voice_count":0,"_bbp_anonymous_reply_count":0,"_bbp_topic_count_hidden":0,"_bbp_reply_count_hidden":0,"_bbp_forum_subforum_count":0,"footnotes":""},"categories":[1],"tags":[],"class_list":["post-1278","post","type-post","status-publish","format-standard","hentry","category-general"],"post_mailing_queue_ids":[],"_links":{"self":[{"href":"https:\/\/agora.xtec.cat\/iescalgravat\/wp-json\/wp\/v2\/posts\/1278","targetHints":{"allow":["GET"]}}],"collection":[{"href":"https:\/\/agora.xtec.cat\/iescalgravat\/wp-json\/wp\/v2\/posts"}],"about":[{"href":"https:\/\/agora.xtec.cat\/iescalgravat\/wp-json\/wp\/v2\/types\/post"}],"author":[{"embeddable":true,"href":"https:\/\/agora.xtec.cat\/iescalgravat\/wp-json\/wp\/v2\/users\/1"}],"replies":[{"embeddable":true,"href":"https:\/\/agora.xtec.cat\/iescalgravat\/wp-json\/wp\/v2\/comments?post=1278"}],"version-history":[{"count":3,"href":"https:\/\/agora.xtec.cat\/iescalgravat\/wp-json\/wp\/v2\/posts\/1278\/revisions"}],"predecessor-version":[{"id":1281,"href":"https:\/\/agora.xtec.cat\/iescalgravat\/wp-json\/wp\/v2\/posts\/1278\/revisions\/1281"}],"wp:attachment":[{"href":"https:\/\/agora.xtec.cat\/iescalgravat\/wp-json\/wp\/v2\/media?parent=1278"}],"wp:term":[{"taxonomy":"category","embeddable":true,"href":"https:\/\/agora.xtec.cat\/iescalgravat\/wp-json\/wp\/v2\/categories?post=1278"},{"taxonomy":"post_tag","embeddable":true,"href":"https:\/\/agora.xtec.cat\/iescalgravat\/wp-json\/wp\/v2\/tags?post=1278"}],"curies":[{"name":"wp","href":"https:\/\/api.w.org\/{rel}","templated":true}]}}