{"id":1255,"date":"2018-02-27T21:24:12","date_gmt":"2018-02-27T20:24:12","guid":{"rendered":"http:\/\/agora.xtec.cat\/iescalgravat\/?p=1255"},"modified":"2018-03-01T08:30:28","modified_gmt":"2018-03-01T07:30:28","slug":"informacio-incidencia-nevades-28-febrer","status":"publish","type":"post","link":"https:\/\/agora.xtec.cat\/iescalgravat\/general\/informacio-incidencia-nevades-28-febrer\/","title":{"rendered":"INFORMACI\u00d3 INCID\u00c8NCIA NEVADES 28 FEBRER"},"content":{"rendered":"<p>Benvolgudes fam\u00edlies<\/p>\n<p style=\"text-align: justify;\">Davant les previsions de temporals de neu, Protecci\u00f3 Civil i el Consell Comarcal del Bages, ens han informat que dem\u00e0 <strong>dimecres 28 de febrer<\/strong> <strong>queda anul\u00b7lat el transport escolar i per tant, al centre no hi haur\u00e0 activitat lectiva normalitzada. <\/strong>A m\u00e9s a m\u00e9s, es recomana evitar al m\u00e0xim l&#8217;\u00fas dels vehicles.<\/p>\n<p style=\"text-align: justify;\">En aquest sentit, es procurar\u00e0 que el centre romangui obert, per\u00f2 no hi haur\u00e0 classe normal.<\/p>\n<p style=\"text-align: justify;\">Us demanem que seguiu els butlletins meteorol\u00f2gics i us recordem que qualsevol novetat informativa ser\u00e0 comunicada a la web del centre: <a href=\"http:\/\/www.calgravat.cat\">www.calgravat.cat<\/a><\/p>\n<p style=\"text-align: justify;\">Gr\u00e0cies per la vostra col\u00b7laboraci\u00f3 i disculpeu les mol\u00e8sties,<\/p>\n<p>Equip Directiu<\/p>\n<p style=\"text-align: justify;\">\n","protected":false},"excerpt":{"rendered":"<p>Benvolgudes fam\u00edlies<br \/>\nDavant les previsions de temporals de neu, Protecci\u00f3 Civil i el Consell Comarcal del Bages, ens han informat que dem\u00e0 dimecres 28 de febrer queda anul\u00b7lat el transport escolar i per tant, al centre no hi haur\u00e0 activitat lectiva normalitzada. A m\u00e9s a m\u00e9s,&hellip;  <a href=\"https:\/\/agora.xtec.cat\/iescalgravat\/general\/informacio-incidencia-nevades-28-febrer\/\" title=\"Read INFORMACI\u00d3 INCID\u00c8NCIA NEVADES 28 FEBRER\">Llegeix m\u00e9s\u00bb<\/a><\/p>\n","protected":false},"author":1,"featured_media":0,"comment_status":"open","ping_status":"closed","sticky":false,"template":"","format":"standard","meta":{"_bbp_topic_count":0,"_bbp_reply_count":0,"_bbp_total_topic_count":0,"_bbp_total_reply_count":0,"_bbp_voice_count":0,"_bbp_anonymous_reply_count":0,"_bbp_topic_count_hidden":0,"_bbp_reply_count_hidden":0,"_bbp_forum_subforum_count":0,"footnotes":""},"categories":[1],"tags":[],"class_list":["post-1255","post","type-post","status-publish","format-standard","hentry","category-general"],"post_mailing_queue_ids":[],"_links":{"self":[{"href":"https:\/\/agora.xtec.cat\/iescalgravat\/wp-json\/wp\/v2\/posts\/1255","targetHints":{"allow":["GET"]}}],"collection":[{"href":"https:\/\/agora.xtec.cat\/iescalgravat\/wp-json\/wp\/v2\/posts"}],"about":[{"href":"https:\/\/agora.xtec.cat\/iescalgravat\/wp-json\/wp\/v2\/types\/post"}],"author":[{"embeddable":true,"href":"https:\/\/agora.xtec.cat\/iescalgravat\/wp-json\/wp\/v2\/users\/1"}],"replies":[{"embeddable":true,"href":"https:\/\/agora.xtec.cat\/iescalgravat\/wp-json\/wp\/v2\/comments?post=1255"}],"version-history":[{"count":2,"href":"https:\/\/agora.xtec.cat\/iescalgravat\/wp-json\/wp\/v2\/posts\/1255\/revisions"}],"predecessor-version":[{"id":1257,"href":"https:\/\/agora.xtec.cat\/iescalgravat\/wp-json\/wp\/v2\/posts\/1255\/revisions\/1257"}],"wp:attachment":[{"href":"https:\/\/agora.xtec.cat\/iescalgravat\/wp-json\/wp\/v2\/media?parent=1255"}],"wp:term":[{"taxonomy":"category","embeddable":true,"href":"https:\/\/agora.xtec.cat\/iescalgravat\/wp-json\/wp\/v2\/categories?post=1255"},{"taxonomy":"post_tag","embeddable":true,"href":"https:\/\/agora.xtec.cat\/iescalgravat\/wp-json\/wp\/v2\/tags?post=1255"}],"curies":[{"name":"wp","href":"https:\/\/api.w.org\/{rel}","templated":true}]}}