{"id":1247,"date":"2018-02-26T10:54:59","date_gmt":"2018-02-26T09:54:59","guid":{"rendered":"http:\/\/agora.xtec.cat\/iescalgravat\/?p=1247"},"modified":"2018-05-28T12:49:09","modified_gmt":"2018-05-28T10:49:09","slug":"premi-per-a-la-nuria-gomez-de-2on-deso","status":"publish","type":"post","link":"https:\/\/agora.xtec.cat\/iescalgravat\/general\/premi-per-a-la-nuria-gomez-de-2on-deso\/","title":{"rendered":"PREMI PER A LA N\u00daRIA G\u00d3MEZ DE 2on D&#8217;ESO"},"content":{"rendered":"<div>Aquest\u00a0 dissabte 24 de febrer, la <strong>N\u00faria G\u00f3mez<\/strong>, alumna de 2n C d&#8217; ESO del nostre centre , ha recollit el guard\u00f3 per ser finalista nivell 1 dels cros escolars d&#8217;aquest curs. Ha estat la \u00fanica del nostre centre que ha corregut tots els cros escolars, fent sempre molt bones posicions al finalitzar les curses.<\/div>\n<div>Per haver fer tant bona temporada de cros, s&#8217;ha classificat per c\u00f3rrer la Final Nacional de Cros de Catalunya.<\/div>\n<div><\/div>\n<div><\/div>\n<div><\/div>\n<div><\/div>\n<div><\/div>\n<div><\/div>\n<div><\/div>\n<div><\/div>\n<div><a href=\"http:\/\/agora.xtec.cat\/iescalgravat\/wp-content\/uploads\/usu63\/2018\/02\/image4-e1519638888513.jpeg\"><img loading=\"lazy\" decoding=\"async\" class=\"wp-image-1248 size-medium aligncenter\" src=\"http:\/\/agora.xtec.cat\/iescalgravat\/wp-content\/uploads\/usu63\/2018\/02\/image4-e1519638888513-225x300.jpeg\" alt=\"\" width=\"225\" height=\"300\" srcset=\"https:\/\/agora.xtec.cat\/iescalgravat\/wp-content\/uploads\/usu63\/2018\/02\/image4-e1519638888513-225x300.jpeg 225w, https:\/\/agora.xtec.cat\/iescalgravat\/wp-content\/uploads\/usu63\/2018\/02\/image4-e1519638888513-768x1024.jpeg 768w, https:\/\/agora.xtec.cat\/iescalgravat\/wp-content\/uploads\/usu63\/2018\/02\/image4-e1519638888513.jpeg 1512w\" sizes=\"auto, (max-width: 225px) 100vw, 225px\" \/><\/a><\/div>\n<div><\/div>\n<div>Enhorabona N\u00faria per la teva gesta en nom de l&#8217; Institut de Cal Gravat!!!!<\/div>\n<div><\/div>\n<div><\/div>\n<div>Moltes felicitats per tota la temporada de cros i haver guanyat aquest premi!!!<\/div>\n<div><\/div>\n<div><\/div>\n<div><\/div>\n","protected":false},"excerpt":{"rendered":"<p>Aquest\u00a0 dissabte 24 de febrer, la N\u00faria G\u00f3mez, alumna de 2n C d&#8217; ESO del nostre centre , ha recollit el guard\u00f3 per ser finalista nivell 1 dels cros escolars d&#8217;aquest curs. Ha estat la \u00fanica del nostre centre que ha corregut tots els cros&hellip;  <a href=\"https:\/\/agora.xtec.cat\/iescalgravat\/general\/premi-per-a-la-nuria-gomez-de-2on-deso\/\" title=\"Read PREMI PER A LA N\u00daRIA G\u00d3MEZ DE 2on D&#8217;ESO\">Llegeix m\u00e9s\u00bb<\/a><\/p>\n","protected":false},"author":1,"featured_media":0,"comment_status":"open","ping_status":"closed","sticky":false,"template":"","format":"standard","meta":{"_bbp_topic_count":0,"_bbp_reply_count":0,"_bbp_total_topic_count":0,"_bbp_total_reply_count":0,"_bbp_voice_count":0,"_bbp_anonymous_reply_count":0,"_bbp_topic_count_hidden":0,"_bbp_reply_count_hidden":0,"_bbp_forum_subforum_count":0,"footnotes":""},"categories":[5,1],"tags":[],"class_list":["post-1247","post","type-post","status-publish","format-standard","hentry","category-eso-2","category-general"],"post_mailing_queue_ids":[],"_links":{"self":[{"href":"https:\/\/agora.xtec.cat\/iescalgravat\/wp-json\/wp\/v2\/posts\/1247","targetHints":{"allow":["GET"]}}],"collection":[{"href":"https:\/\/agora.xtec.cat\/iescalgravat\/wp-json\/wp\/v2\/posts"}],"about":[{"href":"https:\/\/agora.xtec.cat\/iescalgravat\/wp-json\/wp\/v2\/types\/post"}],"author":[{"embeddable":true,"href":"https:\/\/agora.xtec.cat\/iescalgravat\/wp-json\/wp\/v2\/users\/1"}],"replies":[{"embeddable":true,"href":"https:\/\/agora.xtec.cat\/iescalgravat\/wp-json\/wp\/v2\/comments?post=1247"}],"version-history":[{"count":3,"href":"https:\/\/agora.xtec.cat\/iescalgravat\/wp-json\/wp\/v2\/posts\/1247\/revisions"}],"predecessor-version":[{"id":1252,"href":"https:\/\/agora.xtec.cat\/iescalgravat\/wp-json\/wp\/v2\/posts\/1247\/revisions\/1252"}],"wp:attachment":[{"href":"https:\/\/agora.xtec.cat\/iescalgravat\/wp-json\/wp\/v2\/media?parent=1247"}],"wp:term":[{"taxonomy":"category","embeddable":true,"href":"https:\/\/agora.xtec.cat\/iescalgravat\/wp-json\/wp\/v2\/categories?post=1247"},{"taxonomy":"post_tag","embeddable":true,"href":"https:\/\/agora.xtec.cat\/iescalgravat\/wp-json\/wp\/v2\/tags?post=1247"}],"curies":[{"name":"wp","href":"https:\/\/api.w.org\/{rel}","templated":true}]}}