{"id":1232,"date":"2018-02-24T09:53:35","date_gmt":"2018-02-24T08:53:35","guid":{"rendered":"http:\/\/agora.xtec.cat\/iescalgravat\/?p=1232"},"modified":"2018-03-11T19:03:13","modified_gmt":"2018-03-11T18:03:13","slug":"jornada-de-portes-obertes-8-de-marc","status":"publish","type":"post","link":"https:\/\/agora.xtec.cat\/iescalgravat\/general\/jornada-de-portes-obertes-8-de-marc\/","title":{"rendered":"JORNADA PORTES OBERTES ESO:  8 DE MAR\u00c7 A LES 19.00"},"content":{"rendered":"<p style=\"text-align: justify;\"><a href=\"http:\/\/agora.xtec.cat\/iescalgravat\/wp-content\/uploads\/usu63\/2018\/02\/Jornada-de-Portes-Obertes-ESO-20181.jpg\"><img loading=\"lazy\" decoding=\"async\" class=\"wp-image-1233 aligncenter\" src=\"http:\/\/agora.xtec.cat\/iescalgravat\/wp-content\/uploads\/usu63\/2018\/02\/Jornada-de-Portes-Obertes-ESO-20181-300x141.jpg\" alt=\"\" width=\"503\" height=\"237\" srcset=\"https:\/\/agora.xtec.cat\/iescalgravat\/wp-content\/uploads\/usu63\/2018\/02\/Jornada-de-Portes-Obertes-ESO-20181-300x141.jpg 300w, https:\/\/agora.xtec.cat\/iescalgravat\/wp-content\/uploads\/usu63\/2018\/02\/Jornada-de-Portes-Obertes-ESO-20181-768x361.jpg 768w, https:\/\/agora.xtec.cat\/iescalgravat\/wp-content\/uploads\/usu63\/2018\/02\/Jornada-de-Portes-Obertes-ESO-20181.jpg 949w\" sizes=\"auto, (max-width: 503px) 100vw, 503px\" \/><\/a><\/p>\n<h3 style=\"text-align: justify;\">El proper dijous dia <strong>8 de mar\u00e7 a<\/strong>\u00a0les <strong>19h <\/strong>es far\u00e0 la <strong>Jornada de Portes Obertes d&#8217;ESO<\/strong> .<\/h3>\n<ul style=\"list-style-type: circle;\">\n<li style=\"text-align: justify;\">\n<h3>Rebuda de les fam\u00edlies amb intervencions de direcci\u00f3 i de l&#8217;AMPA al Gimn\u00e0s.<\/h3>\n<\/li>\n<li style=\"text-align: justify;\">\n<h3>Visita guiada pel centre amb mostra d&#8217;activitats diverses de l&#8217;alumnat.<\/h3>\n<\/li>\n<\/ul>\n<h3 style=\"text-align: center;\"><strong>Us hi esperem!<\/strong><\/h3>\n<p>&nbsp;<\/p>\n","protected":false},"excerpt":{"rendered":"<p><a href=\"http:\/\/agora.xtec.cat\/iescalgravat\/wp-content\/uploads\/usu63\/2018\/02\/Jornada-de-Portes-Obertes-ESO-20181.jpg\"><\/a><br \/>\nEl proper dijous dia 8 de mar\u00e7 a\u00a0les 19h es far\u00e0 la Jornada de Portes Obertes d&#8217;ESO .<\/p>\n<ul style=\"list-style-type: circle;\">\n<li style=\"text-align: justify;\">\nRebuda de les fam\u00edlies amb intervencions de direcci\u00f3 i de l&#8217;AMPA al Gimn\u00e0s.\n<\/li>\n<li style=\"text-align: justify;\">\nVisita guiada pel centre amb mostra d&#8217;activitats diverses de&hellip;  <a href=\"https:\/\/agora.xtec.cat\/iescalgravat\/general\/jornada-de-portes-obertes-8-de-marc\/\" title=\"Read JORNADA PORTES OBERTES ESO:  8 DE MAR\u00c7 A LES 19.00\">Llegeix m\u00e9s\u00bb<\/a><\/p>\n","protected":false},"author":1,"featured_media":0,"comment_status":"open","ping_status":"closed","sticky":false,"template":"","format":"standard","meta":{"_bbp_topic_count":0,"_bbp_reply_count":0,"_bbp_total_topic_count":0,"_bbp_total_reply_count":0,"_bbp_voice_count":0,"_bbp_anonymous_reply_count":0,"_bbp_topic_count_hidden":0,"_bbp_reply_count_hidden":0,"_bbp_forum_subforum_count":0,"footnotes":""},"categories":[31,3,1],"tags":[],"class_list":["post-1232","post","type-post","status-publish","format-standard","hentry","category-ampa","category-eso","category-general"],"post_mailing_queue_ids":[],"_links":{"self":[{"href":"https:\/\/agora.xtec.cat\/iescalgravat\/wp-json\/wp\/v2\/posts\/1232","targetHints":{"allow":["GET"]}}],"collection":[{"href":"https:\/\/agora.xtec.cat\/iescalgravat\/wp-json\/wp\/v2\/posts"}],"about":[{"href":"https:\/\/agora.xtec.cat\/iescalgravat\/wp-json\/wp\/v2\/types\/post"}],"author":[{"embeddable":true,"href":"https:\/\/agora.xtec.cat\/iescalgravat\/wp-json\/wp\/v2\/users\/1"}],"replies":[{"embeddable":true,"href":"https:\/\/agora.xtec.cat\/iescalgravat\/wp-json\/wp\/v2\/comments?post=1232"}],"version-history":[{"count":3,"href":"https:\/\/agora.xtec.cat\/iescalgravat\/wp-json\/wp\/v2\/posts\/1232\/revisions"}],"predecessor-version":[{"id":1253,"href":"https:\/\/agora.xtec.cat\/iescalgravat\/wp-json\/wp\/v2\/posts\/1232\/revisions\/1253"}],"wp:attachment":[{"href":"https:\/\/agora.xtec.cat\/iescalgravat\/wp-json\/wp\/v2\/media?parent=1232"}],"wp:term":[{"taxonomy":"category","embeddable":true,"href":"https:\/\/agora.xtec.cat\/iescalgravat\/wp-json\/wp\/v2\/categories?post=1232"},{"taxonomy":"post_tag","embeddable":true,"href":"https:\/\/agora.xtec.cat\/iescalgravat\/wp-json\/wp\/v2\/tags?post=1232"}],"curies":[{"name":"wp","href":"https:\/\/api.w.org\/{rel}","templated":true}]}}