{"id":1141,"date":"2018-01-21T19:09:25","date_gmt":"2018-01-21T18:09:25","guid":{"rendered":"http:\/\/agora.xtec.cat\/iescalgravat\/?p=1141"},"modified":"2018-04-20T11:52:04","modified_gmt":"2018-04-20T09:52:04","slug":"taller-de-primers-auxilis","status":"publish","type":"post","link":"https:\/\/agora.xtec.cat\/iescalgravat\/general\/taller-de-primers-auxilis\/","title":{"rendered":"TALLER DE PRIMERS AUXILIS"},"content":{"rendered":"<div>El divendres 21 de gener , els alumnes dels tres grups de 4rt d&#8217; ESO van gaudir d&#8217;un taller de Primers Auxilis dins la mat\u00e8ria d&#8217;educaci\u00f3 f\u00edsica.<\/div>\n<div><\/div>\n<div>Despr\u00e9s que la professora\u00a0 Ester don\u00e9s alguna classe te\u00f2rica sobre com actuar en cas d&#8217;emerg\u00e8ncia m\u00e8dica, van venir a l&#8217;institut dos t\u00e8cnics del Servei d&#8217;Emerg\u00e8ncies M\u00e8diques que ens van explicar com actuar en diferents casos, i vam poder practicar les maniobres de reanimaci\u00f3 cardipulmonar amb el material que el Llu\u00eds i el Lars van portar per a fer les pr\u00e0ctiques, i on tamb\u00e9 vam poder con\u00e8ixer el funcionament d&#8217;un desfibrilador.<\/div>\n<div><\/div>\n<div>Ha estat un taller de gran inter\u00e8s per tal de saber tots i totes quins passos hem de seguir per ajudar a alg\u00fa en cas d&#8217;accident o lesi\u00f3 greu, i poder col.laborar a ajudar a salvar una vida.<\/div>\n<div><\/div>\n<div><a href=\"http:\/\/agora.xtec.cat\/iescalgravat\/wp-content\/uploads\/usu63\/2018\/01\/IMG_0071.jpg\"><img loading=\"lazy\" decoding=\"async\" class=\"alignnone size-medium wp-image-1142\" src=\"http:\/\/agora.xtec.cat\/iescalgravat\/wp-content\/uploads\/usu63\/2018\/01\/IMG_0071-300x225.jpg\" alt=\"\" width=\"300\" height=\"225\" srcset=\"https:\/\/agora.xtec.cat\/iescalgravat\/wp-content\/uploads\/usu63\/2018\/01\/IMG_0071-300x225.jpg 300w, https:\/\/agora.xtec.cat\/iescalgravat\/wp-content\/uploads\/usu63\/2018\/01\/IMG_0071-200x150.jpg 200w, https:\/\/agora.xtec.cat\/iescalgravat\/wp-content\/uploads\/usu63\/2018\/01\/IMG_0071.jpg 640w\" sizes=\"auto, (max-width: 300px) 100vw, 300px\" \/><\/a> <a href=\"http:\/\/agora.xtec.cat\/iescalgravat\/wp-content\/uploads\/usu63\/2018\/01\/IMG_0073.jpg\"><img loading=\"lazy\" decoding=\"async\" class=\"alignnone size-medium wp-image-1143\" src=\"http:\/\/agora.xtec.cat\/iescalgravat\/wp-content\/uploads\/usu63\/2018\/01\/IMG_0073-300x225.jpg\" alt=\"\" width=\"300\" height=\"225\" srcset=\"https:\/\/agora.xtec.cat\/iescalgravat\/wp-content\/uploads\/usu63\/2018\/01\/IMG_0073-300x225.jpg 300w, https:\/\/agora.xtec.cat\/iescalgravat\/wp-content\/uploads\/usu63\/2018\/01\/IMG_0073-200x150.jpg 200w, https:\/\/agora.xtec.cat\/iescalgravat\/wp-content\/uploads\/usu63\/2018\/01\/IMG_0073.jpg 640w\" sizes=\"auto, (max-width: 300px) 100vw, 300px\" \/><\/a> <a href=\"http:\/\/agora.xtec.cat\/iescalgravat\/wp-content\/uploads\/usu63\/2018\/01\/IMG_0096.jpg\"><img loading=\"lazy\" decoding=\"async\" class=\"alignnone size-medium wp-image-1144\" src=\"http:\/\/agora.xtec.cat\/iescalgravat\/wp-content\/uploads\/usu63\/2018\/01\/IMG_0096-300x225.jpg\" alt=\"\" width=\"300\" height=\"225\" srcset=\"https:\/\/agora.xtec.cat\/iescalgravat\/wp-content\/uploads\/usu63\/2018\/01\/IMG_0096-300x225.jpg 300w, https:\/\/agora.xtec.cat\/iescalgravat\/wp-content\/uploads\/usu63\/2018\/01\/IMG_0096-200x150.jpg 200w, https:\/\/agora.xtec.cat\/iescalgravat\/wp-content\/uploads\/usu63\/2018\/01\/IMG_0096.jpg 640w\" sizes=\"auto, (max-width: 300px) 100vw, 300px\" \/><\/a><\/div>\n<div><\/div>\n","protected":false},"excerpt":{"rendered":"<p>El divendres 21 de gener , els alumnes dels tres grups de 4rt d&#8217; ESO van gaudir d&#8217;un taller de Primers Auxilis dins la mat\u00e8ria d&#8217;educaci\u00f3 f\u00edsica.<\/p>\n<p>Despr\u00e9s que la professora\u00a0 Ester don\u00e9s alguna classe te\u00f2rica sobre com actuar en cas d&#8217;emerg\u00e8ncia m\u00e8dica, van venir a&hellip;  <a href=\"https:\/\/agora.xtec.cat\/iescalgravat\/general\/taller-de-primers-auxilis\/\" title=\"Read TALLER DE PRIMERS AUXILIS\">Llegeix m\u00e9s\u00bb<\/a><\/p>\n","protected":false},"author":1,"featured_media":0,"comment_status":"open","ping_status":"closed","sticky":false,"template":"","format":"standard","meta":{"_bbp_topic_count":0,"_bbp_reply_count":0,"_bbp_total_topic_count":0,"_bbp_total_reply_count":0,"_bbp_voice_count":0,"_bbp_anonymous_reply_count":0,"_bbp_topic_count_hidden":0,"_bbp_reply_count_hidden":0,"_bbp_forum_subforum_count":0,"footnotes":""},"categories":[7,1],"tags":[],"class_list":["post-1141","post","type-post","status-publish","format-standard","hentry","category-eso-4","category-general"],"post_mailing_queue_ids":[],"_links":{"self":[{"href":"https:\/\/agora.xtec.cat\/iescalgravat\/wp-json\/wp\/v2\/posts\/1141","targetHints":{"allow":["GET"]}}],"collection":[{"href":"https:\/\/agora.xtec.cat\/iescalgravat\/wp-json\/wp\/v2\/posts"}],"about":[{"href":"https:\/\/agora.xtec.cat\/iescalgravat\/wp-json\/wp\/v2\/types\/post"}],"author":[{"embeddable":true,"href":"https:\/\/agora.xtec.cat\/iescalgravat\/wp-json\/wp\/v2\/users\/1"}],"replies":[{"embeddable":true,"href":"https:\/\/agora.xtec.cat\/iescalgravat\/wp-json\/wp\/v2\/comments?post=1141"}],"version-history":[{"count":1,"href":"https:\/\/agora.xtec.cat\/iescalgravat\/wp-json\/wp\/v2\/posts\/1141\/revisions"}],"predecessor-version":[{"id":1145,"href":"https:\/\/agora.xtec.cat\/iescalgravat\/wp-json\/wp\/v2\/posts\/1141\/revisions\/1145"}],"wp:attachment":[{"href":"https:\/\/agora.xtec.cat\/iescalgravat\/wp-json\/wp\/v2\/media?parent=1141"}],"wp:term":[{"taxonomy":"category","embeddable":true,"href":"https:\/\/agora.xtec.cat\/iescalgravat\/wp-json\/wp\/v2\/categories?post=1141"},{"taxonomy":"post_tag","embeddable":true,"href":"https:\/\/agora.xtec.cat\/iescalgravat\/wp-json\/wp\/v2\/tags?post=1141"}],"curies":[{"name":"wp","href":"https:\/\/api.w.org\/{rel}","templated":true}]}}